{"id":9936,"date":"2023-12-31T09:51:15","date_gmt":"2023-12-31T08:51:15","guid":{"rendered":"https:\/\/tv-kirchzell.de\/?p=9936"},"modified":"2023-12-31T09:51:17","modified_gmt":"2023-12-31T08:51:17","slug":"ueberaus-erfreuliche-halbzeit-zwischenbilanz-beim-tv-kirchzell-oberliga-primus","status":"publish","type":"post","link":"https:\/\/tv-kirchzell.de\/?p=9936","title":{"rendered":"\u00dcberaus erfreuliche Halbzeit-Zwischenbilanz beim TV Kirchzell \/ Oberliga-Primus"},"content":{"rendered":"\n<p>Zun\u00e4chst einmal w\u00fcnschen die Verantwortlichen allen mit dem TV Kirchzell Verbundenen ein gesundes, gl\u00fcckliches neues Jahr. Allen so treuen Sponsoren sei auch in diesen schwierigen Zeiten wirtschaftlicher Erfolg beschieden.<\/p>\n\n\n\n<!--more-->\n\n\n\n<p>Den vielen, agilen Helfern Zufriedenheit, Gelassenheit und auch weiterhin viel Kraft bei der vielschichtigen Bew\u00e4ltigung ihrer nicht immer leichten Aufgaben. Dem Trainergespann und der Mannschaft auch in der R\u00fcckrunde sportlichen Erfolg, der vielleicht im Aufstieg zur dritten Liga enden k\u00f6nnte.<\/p>\n\n\n\n<p>Zudem sei den vielen TVK-Anh\u00e4ngern und Trommlern gedankt, ohne deren obligatorischen Hobtse- und Anfeuerungsrufen das bisher positive Erscheinungsbild der Hauptmann-Kunz-Truppe nicht m\u00f6glich gewesen w\u00e4re.<\/p>\n\n\n\n<p>Ja, der TV Kirchzell geht am 19. Januar mit zwei Punkten Vorsprung als Klassen-Primus in die R\u00fcckrunde der Oberliga Hessen.<\/p>\n\n\n\n<p>Doch, die beiden \u00e4rgsten Verfolger, Gro\u00df-Bieberau und Gensungen\/Felsberg, lauern nur so auf diverse Ausrutscher des TVK.<\/p>\n\n\n\n<p>Ausschlie\u00dflich bei den beiden Remis gegen Breckenh.\/Wallau\/Massenh. sowie in Bruchk\u00f6bel hatte man jeweils ganz leichte Durchh\u00e4nger. Alle anderen Partien konnten mit gr\u00f6\u00dftenteils \u00fcberdeutlichen Erfolgen siegreich gestaltet werden.<\/p>\n\n\n\n<p>Die TVK-Cracks befinden sich nach einer gut dreiw\u00f6chigen Ruhephase schon wieder im strapazi\u00f6sen Trainingsmodus.<\/p>\n\n\n\n<p>Am 19. Januar empf\u00e4ngt Kirchzell den Perspektivkader des Zweitligisten TV H\u00fcttenberg.<\/p>\n\n\n\n<p>Sollen die Verfolger auf Schlagdistanz gehalten werden, ist ein weiterer Sieg unbedingt vonn\u00f6ten; dieser ist auch ganz fest eingeplant.<\/p>\n\n\n\n<p>Abschlie\u00dfend noch eine \u00fcberaus erfreuliche Mitteilung: Es gilt festzuhalten, dass Abwehr-Stratege und Kreisl\u00e4ufer Jan Blank, gleichzeitig auch Kapit\u00e4n des TVK, seinen Vertrag vorzeitig um ein weiteres Jahr verl\u00e4ngert hat, danke daf\u00fcr!<\/p>\n","protected":false},"excerpt":{"rendered":"<p>Zun\u00e4chst einmal w\u00fcnschen die Verantwortlichen allen mit dem TV Kirchzell Verbundenen ein gesundes, gl\u00fcckliches neues Jahr. Allen so treuen Sponsoren sei auch in diesen schwierigen Zeiten wirtschaftlicher Erfolg beschieden.<\/p>\n","protected":false},"author":182,"featured_media":0,"comment_status":"closed","ping_status":"open","sticky":false,"template":"","format":"standard","meta":{"footnotes":""},"categories":[5],"tags":[],"class_list":["post-9936","post","type-post","status-publish","format-standard","hentry","category-1mannschaft"],"_links":{"self":[{"href":"https:\/\/tv-kirchzell.de\/index.php?rest_route=\/wp\/v2\/posts\/9936","targetHints":{"allow":["GET"]}}],"collection":[{"href":"https:\/\/tv-kirchzell.de\/index.php?rest_route=\/wp\/v2\/posts"}],"about":[{"href":"https:\/\/tv-kirchzell.de\/index.php?rest_route=\/wp\/v2\/types\/post"}],"author":[{"embeddable":true,"href":"https:\/\/tv-kirchzell.de\/index.php?rest_route=\/wp\/v2\/users\/182"}],"replies":[{"embeddable":true,"href":"https:\/\/tv-kirchzell.de\/index.php?rest_route=%2Fwp%2Fv2%2Fcomments&post=9936"}],"version-history":[{"count":1,"href":"https:\/\/tv-kirchzell.de\/index.php?rest_route=\/wp\/v2\/posts\/9936\/revisions"}],"predecessor-version":[{"id":9937,"href":"https:\/\/tv-kirchzell.de\/index.php?rest_route=\/wp\/v2\/posts\/9936\/revisions\/9937"}],"wp:attachment":[{"href":"https:\/\/tv-kirchzell.de\/index.php?rest_route=%2Fwp%2Fv2%2Fmedia&parent=9936"}],"wp:term":[{"taxonomy":"category","embeddable":true,"href":"https:\/\/tv-kirchzell.de\/index.php?rest_route=%2Fwp%2Fv2%2Fcategories&post=9936"},{"taxonomy":"post_tag","embeddable":true,"href":"https:\/\/tv-kirchzell.de\/index.php?rest_route=%2Fwp%2Fv2%2Ftags&post=9936"}],"curies":[{"name":"wp","href":"https:\/\/api.w.org\/{rel}","templated":true}]}}