{"id":9824,"date":"2023-11-29T16:04:17","date_gmt":"2023-11-29T15:04:17","guid":{"rendered":"https:\/\/www.tv-kirchzell.de\/?p=9824"},"modified":"2023-11-29T16:04:19","modified_gmt":"2023-11-29T15:04:19","slug":"haengen-die-trauben-fuer-den-tvk-auch-in-bruchkoebel-recht-hoch","status":"publish","type":"post","link":"https:\/\/tv-kirchzell.de\/?p=9824","title":{"rendered":"H\u00e4ngen die Trauben f\u00fcr den TVK auch in Bruchk\u00f6bel recht hoch?"},"content":{"rendered":"\n<p>Dass die Handball-Oberliga-Hessen kein Wunschkonzert oder gar Selbstl\u00e4ufer ist, bekam der TVK am vergangenen Samstag erstmals zu sp\u00fcren. Die B\u00e4ume wachsen demnach nicht so ganz in den Himmel und auch Kirchzell muss sich jeden einzelnen Erfolg ebenfalls immens hart erarbeiten, um auf der Sonnenseite der Tabelle zu bleiben.<\/p>\n\n\n\n<!--more-->\n\n\n\n<p>Gro\u00df Bieberau scharrt somit so was mit den Hufen und wartet bei nur einem Punkt R\u00fcckstand auf Ausrutscher des TVK. Nach dem doch leicht entt\u00e4uschenden Heim-Remis gegen das starke und giftige Abwehrbollwerk der HSG Breckenh.\/Wallau\/Massenh. hat der TVK nun ein Ausw\u00e4rtsspiel vor der Brust.<\/p>\n\n\n\n<p>Es handelt sich im nun folgenden Match um die HSG Bruchk\u00f6bel im Main-Kinzig-Kreis.<br>Obwohl der Gastgeber am Tabellenende des Rankings festh\u00e4ngt (erst vier Pluspunkte), sollte ein Untersch\u00e4tzen tunlichst vermieden werden.<\/p>\n\n\n\n<p>Oft setzte es bei Bruchk\u00f6bel mitunter nur ungl\u00fcckliche und knappe Niederlagen. Zuletzt verlor man nach gutem Spiel beim Favoriten Pohlheim dennoch deutlich mit 26:32-Toren.<\/p>\n\n\n\n<p>Kirchzell wird das inzwischen abgehakte Match sorgf\u00e4ltig analysiert haben und versuchen, am Sonntag von Anfang an Zeichen zu setzen und f\u00fcr klare Verh\u00e4ltnisse zu sorgen. Die Kunz\/Hauptmann-Crew will die beiden finalen Vorrunden-Begegnungen unter allen Umst\u00e4nden erfolgreich gestalten.<\/p>\n\n\n\n<p>Erst dann k\u00f6nnte man ein ruhiges und besinnliches Weihnachtsfest feiern, bevor es erst am 19. Januar mit dem Heimspiel zum R\u00fcckrundenauftakt gegen H\u00fcttenberg II weitergeht.<\/p>\n\n\n\n<p>F\u00fcr allen treuen TVK-Fans: Anwurf f\u00fcr die Partie ist am Sonntag, 3.12., um 17:00 Uhr in der Dreispitzhalle, Friedberger Landstra\u00dfe, in 63486 Bruchk\u00f6bel<\/p>\n","protected":false},"excerpt":{"rendered":"<p>Dass die Handball-Oberliga-Hessen kein Wunschkonzert oder gar Selbstl\u00e4ufer ist, bekam der TVK am vergangenen Samstag erstmals zu sp\u00fcren. Die B\u00e4ume wachsen demnach nicht so ganz in den Himmel und auch Kirchzell muss sich jeden einzelnen Erfolg ebenfalls immens hart erarbeiten, um auf der Sonnenseite der Tabelle zu bleiben.<\/p>\n","protected":false},"author":182,"featured_media":0,"comment_status":"closed","ping_status":"open","sticky":false,"template":"","format":"standard","meta":{"footnotes":""},"categories":[5],"tags":[],"class_list":["post-9824","post","type-post","status-publish","format-standard","hentry","category-1mannschaft"],"_links":{"self":[{"href":"https:\/\/tv-kirchzell.de\/index.php?rest_route=\/wp\/v2\/posts\/9824","targetHints":{"allow":["GET"]}}],"collection":[{"href":"https:\/\/tv-kirchzell.de\/index.php?rest_route=\/wp\/v2\/posts"}],"about":[{"href":"https:\/\/tv-kirchzell.de\/index.php?rest_route=\/wp\/v2\/types\/post"}],"author":[{"embeddable":true,"href":"https:\/\/tv-kirchzell.de\/index.php?rest_route=\/wp\/v2\/users\/182"}],"replies":[{"embeddable":true,"href":"https:\/\/tv-kirchzell.de\/index.php?rest_route=%2Fwp%2Fv2%2Fcomments&post=9824"}],"version-history":[{"count":1,"href":"https:\/\/tv-kirchzell.de\/index.php?rest_route=\/wp\/v2\/posts\/9824\/revisions"}],"predecessor-version":[{"id":9825,"href":"https:\/\/tv-kirchzell.de\/index.php?rest_route=\/wp\/v2\/posts\/9824\/revisions\/9825"}],"wp:attachment":[{"href":"https:\/\/tv-kirchzell.de\/index.php?rest_route=%2Fwp%2Fv2%2Fmedia&parent=9824"}],"wp:term":[{"taxonomy":"category","embeddable":true,"href":"https:\/\/tv-kirchzell.de\/index.php?rest_route=%2Fwp%2Fv2%2Fcategories&post=9824"},{"taxonomy":"post_tag","embeddable":true,"href":"https:\/\/tv-kirchzell.de\/index.php?rest_route=%2Fwp%2Fv2%2Ftags&post=9824"}],"curies":[{"name":"wp","href":"https:\/\/api.w.org\/{rel}","templated":true}]}}