{"id":9407,"date":"2023-10-06T13:16:56","date_gmt":"2023-10-06T11:16:56","guid":{"rendered":"https:\/\/www.tv-kirchzell.de\/?p=9407"},"modified":"2023-10-06T13:16:56","modified_gmt":"2023-10-06T11:16:56","slug":"ungeschlagener-tvk-will-auch-beim-schlusslicht-punkten","status":"publish","type":"post","link":"https:\/\/tv-kirchzell.de\/?p=9407","title":{"rendered":"Ungeschlagener TVK will auch beim Schlusslicht punkten"},"content":{"rendered":"\n<p>F\u00fcr den TV Kirchzell geht es am Samstagabend beim Tabellenletzten HSG Gro\u00dfenl\u00fcder\/Hainzell um zwei wichtige Punkte, denn f\u00fcr unseren Odenwaldexpress w\u00e4re es der f\u00fcnfte Sieg in Folge.<\/p>\n\n\n\n<!--more-->\n\n\n\n<p>Im Tabellenkeller der Oberliga verharrt weiterhin ein Trio ohne Z\u00e4hler, wobei mit dem TV H\u00fcttenberg II und der SG Bruchk\u00f6bel am Wochenende zwei Kellerkinder direkt aufeinandertreffen, mindestens ein Team wird also die ersten Z\u00e4hler einfahren. Das dritte Kellerkind ist der n\u00e4chste Gegner unserer Jungs der 1. Mannschaft.\u00a0<\/p>\n\n\n\n<p>Gemeinsam mit noch zwei weiteren Mannschaften sind wir hingegen noch v\u00f6llig ohne Verlustpunkte, wobei wir unsere wei\u00dfe Weste am vergangenen Freitag aber nur denkbar knapp behaupten konnten. Das hauchd\u00fcnne Ergebnis war sicher auch der Krankheitswelle zuzuschreiben, die unser Team schwer gebeutelt hat. Die Ausw\u00e4rtsfahrt zum Schlusslicht kommt dem Drittliga-Absteiger, der dort mit etwas Gl\u00fcck personell wieder besser aufgestellt sein d\u00fcrfte, daher gerade recht.<\/p>\n\n\n\n<p>Untersch\u00e4tzen will der TVK den Aufsteiger allerdings keineswegs, \u201edenn gegen den Tabellenletzten ist es immer am schwierigsten\u201c, wie Kirchzells Trainer Alexander Hauptmann betont. Das Spiel und Ergebnis letzte Saison in Waldb\u00fcttelbrunn d\u00fcrfte den meisten noch in Erinnerung sein. Gro\u00dfenl\u00fcder spiele sein Konzept \u201evon der ersten bis zur letzten Minute\u201c runter, weshalb Hauptmann gegen die defensiv anf\u00e4llige HSG von Beginn an aufs Tempo dr\u00fccken will.\u00a0<\/p>\n\n\n\n<p>\u201eVon der Physis her m\u00fcssen wir einfach so stark sein, dass wir dort keine Punkte liegen lassen\u201c, so TVK-Coach Alexander Hauptmann, der das Schlusslicht aus Gro\u00dfenl\u00fcder auch angesichts der j\u00fcngsten Krankheitswelle beim Tabellenzweiten zwar nicht auf die leichte Schulter nehmen will, am Samstag aber dennoch fest mit einem Ausw\u00e4rtssieg rechnet.<\/p>\n\n\n\n<p>Spielbeginn in der L\u00fcdertalsporthalle in Gro\u00dfenl\u00fcder ist am Samstag, 07.10.2023 um 19:00 Uhr. Die Mannschaft freut sich wieder \u00fcber zahlreiche Unterst\u00fctzung!<\/p>\n","protected":false},"excerpt":{"rendered":"<p>F\u00fcr den TV Kirchzell geht es am Samstagabend beim Tabellenletzten HSG Gro\u00dfenl\u00fcder\/Hainzell um zwei wichtige Punkte, denn f\u00fcr unseren Odenwaldexpress w\u00e4re es der f\u00fcnfte Sieg in Folge.<\/p>\n","protected":false},"author":26,"featured_media":0,"comment_status":"closed","ping_status":"open","sticky":false,"template":"","format":"standard","meta":{"footnotes":""},"categories":[5],"tags":[],"class_list":["post-9407","post","type-post","status-publish","format-standard","hentry","category-1mannschaft"],"_links":{"self":[{"href":"https:\/\/tv-kirchzell.de\/index.php?rest_route=\/wp\/v2\/posts\/9407","targetHints":{"allow":["GET"]}}],"collection":[{"href":"https:\/\/tv-kirchzell.de\/index.php?rest_route=\/wp\/v2\/posts"}],"about":[{"href":"https:\/\/tv-kirchzell.de\/index.php?rest_route=\/wp\/v2\/types\/post"}],"author":[{"embeddable":true,"href":"https:\/\/tv-kirchzell.de\/index.php?rest_route=\/wp\/v2\/users\/26"}],"replies":[{"embeddable":true,"href":"https:\/\/tv-kirchzell.de\/index.php?rest_route=%2Fwp%2Fv2%2Fcomments&post=9407"}],"version-history":[{"count":2,"href":"https:\/\/tv-kirchzell.de\/index.php?rest_route=\/wp\/v2\/posts\/9407\/revisions"}],"predecessor-version":[{"id":9409,"href":"https:\/\/tv-kirchzell.de\/index.php?rest_route=\/wp\/v2\/posts\/9407\/revisions\/9409"}],"wp:attachment":[{"href":"https:\/\/tv-kirchzell.de\/index.php?rest_route=%2Fwp%2Fv2%2Fmedia&parent=9407"}],"wp:term":[{"taxonomy":"category","embeddable":true,"href":"https:\/\/tv-kirchzell.de\/index.php?rest_route=%2Fwp%2Fv2%2Fcategories&post=9407"},{"taxonomy":"post_tag","embeddable":true,"href":"https:\/\/tv-kirchzell.de\/index.php?rest_route=%2Fwp%2Fv2%2Ftags&post=9407"}],"curies":[{"name":"wp","href":"https:\/\/api.w.org\/{rel}","templated":true}]}}