{"id":9115,"date":"2023-08-30T20:27:35","date_gmt":"2023-08-30T18:27:35","guid":{"rendered":"https:\/\/www.tv-kirchzell.de\/?p=9115"},"modified":"2023-09-23T10:40:14","modified_gmt":"2023-09-23T08:40:14","slug":"einladung-zur-generalversammlung-2023","status":"publish","type":"post","link":"https:\/\/tv-kirchzell.de\/?p=9115","title":{"rendered":"Einladung zur Generalversammlung 2023"},"content":{"rendered":"\n<p>Am Freitag, den 22. September 2023 findet um 20.00 Uhr in unserer Turn- und Sporthalle die diesj\u00e4hrige Generalversammlung statt.<\/p>\n\n\n\n<p>Hierzu sind alle Mitglieder des TV Kirchzell herzlich eingeladen.<\/p>\n\n\n\n<p><strong>Tagesordnung:<\/strong><\/p>\n\n\n\n<ul class=\"wp-block-list\">\n<li>Er\u00f6ffnung und Begr\u00fc\u00dfung<\/li>\n\n\n\n<li>Bericht Liegenschaften<\/li>\n\n\n\n<li>Bericht \u00d6ffentlichkeitsarbeit<\/li>\n\n\n\n<li>Berichte der einzelnen Sportabteilungen<\/li>\n\n\n\n<li>Bericht Finanzen<\/li>\n\n\n\n<li>Satzungs\u00e4nderung<\/li>\n\n\n\n<li>Bericht der Kassenpr\u00fcfer<\/li>\n\n\n\n<li>Entlastung der Vorstandschaft<\/li>\n\n\n\n<li>W\u00fcnsche und Antr\u00e4ge<\/li>\n<\/ul>\n\n\n\n<p>Mit sportlichen Gr\u00fc\u00dfen<\/p>\n\n\n\n<figure class=\"wp-block-image size-full is-resized\"><img loading=\"lazy\" decoding=\"async\" src=\"https:\/\/www.tv-kirchzell.de\/wp-content\/uploads\/2023\/09\/0-1.png\" alt=\"\" class=\"wp-image-9159\" style=\"width:117px;height:56px\" width=\"117\" height=\"56\" srcset=\"https:\/\/tv-kirchzell.de\/wp-content\/uploads\/2023\/09\/0-1.png 1132w, https:\/\/tv-kirchzell.de\/wp-content\/uploads\/2023\/09\/0-1-300x144.png 300w, https:\/\/tv-kirchzell.de\/wp-content\/uploads\/2023\/09\/0-1-768x369.png 768w, https:\/\/tv-kirchzell.de\/wp-content\/uploads\/2023\/09\/0-1-600x288.png 600w\" sizes=\"auto, (max-width: 117px) 100vw, 117px\" \/><\/figure>\n\n\n\n<p>Ren\u00e9 Krug<\/p>\n\n\n\n<p>Vorsitzender \u00d6ffentlichkeitsarbeit<\/p>\n","protected":false},"excerpt":{"rendered":"<p>Am Freitag, den 22. September 2023 findet um 20.00 Uhr in unserer Turn- und Sporthalle die diesj\u00e4hrige Generalversammlung statt. Hierzu sind alle Mitglieder des TV Kirchzell herzlich eingeladen. Tagesordnung: Mit sportlichen Gr\u00fc\u00dfen Ren\u00e9 Krug Vorsitzender \u00d6ffentlichkeitsarbeit<\/p>\n","protected":false},"author":2,"featured_media":0,"comment_status":"closed","ping_status":"open","sticky":false,"template":"","format":"standard","meta":{"footnotes":""},"categories":[13],"tags":[],"class_list":["post-9115","post","type-post","status-publish","format-standard","hentry","category-verein"],"_links":{"self":[{"href":"https:\/\/tv-kirchzell.de\/index.php?rest_route=\/wp\/v2\/posts\/9115","targetHints":{"allow":["GET"]}}],"collection":[{"href":"https:\/\/tv-kirchzell.de\/index.php?rest_route=\/wp\/v2\/posts"}],"about":[{"href":"https:\/\/tv-kirchzell.de\/index.php?rest_route=\/wp\/v2\/types\/post"}],"author":[{"embeddable":true,"href":"https:\/\/tv-kirchzell.de\/index.php?rest_route=\/wp\/v2\/users\/2"}],"replies":[{"embeddable":true,"href":"https:\/\/tv-kirchzell.de\/index.php?rest_route=%2Fwp%2Fv2%2Fcomments&post=9115"}],"version-history":[{"count":3,"href":"https:\/\/tv-kirchzell.de\/index.php?rest_route=\/wp\/v2\/posts\/9115\/revisions"}],"predecessor-version":[{"id":9160,"href":"https:\/\/tv-kirchzell.de\/index.php?rest_route=\/wp\/v2\/posts\/9115\/revisions\/9160"}],"wp:attachment":[{"href":"https:\/\/tv-kirchzell.de\/index.php?rest_route=%2Fwp%2Fv2%2Fmedia&parent=9115"}],"wp:term":[{"taxonomy":"category","embeddable":true,"href":"https:\/\/tv-kirchzell.de\/index.php?rest_route=%2Fwp%2Fv2%2Fcategories&post=9115"},{"taxonomy":"post_tag","embeddable":true,"href":"https:\/\/tv-kirchzell.de\/index.php?rest_route=%2Fwp%2Fv2%2Ftags&post=9115"}],"curies":[{"name":"wp","href":"https:\/\/api.w.org\/{rel}","templated":true}]}}