{"id":9107,"date":"2023-08-28T20:59:29","date_gmt":"2023-08-28T18:59:29","guid":{"rendered":"https:\/\/tv-kirchzell.de\/?p=9107"},"modified":"2023-08-28T20:59:31","modified_gmt":"2023-08-28T18:59:31","slug":"leserbrief-startet-der-tv-kirchzell-in-die-mission-direkter-wiederaufstieg","status":"publish","type":"post","link":"https:\/\/tv-kirchzell.de\/?p=9107","title":{"rendered":"Leserbrief: Startet der TV Kirchzell in die Mission &#8218;Direkter Wiederaufstieg&#8216;?"},"content":{"rendered":"\n<p>Nach dem mehr als ungl\u00fccklichen Abstieg aus der Dritten- in die Oberliga Hessen greift der TV Kirchzell am Samstag, 9. September um 19:30 Uhr  beim TV H\u00fcttenberg 2 erstmals wieder ins Handballgeschehen der neuen Saison ein.<\/p>\n\n\n\n<!--more-->\n\n\n\n<p>Die Zeit der Plackerei mit unglaublich vielen Trainingseinheiten hat also ihr Finish gefunden.<\/p>\n\n\n\n<p>Einige Testspiele wurden recht erfolgreich absolviert, haben jedoch keine allzu gro\u00dfe Aussagekraft und sind halt nur noch Makulatur.Immerhin spielt man in der neuen Saison immer noch viertklassig, vergleichbar im Fu\u00dfball mit Viktoria Aschaffenburg.<\/p>\n\n\n\n<p>Der Kader blieb im Gro\u00dfen und Ganzen zusammen und als Erg\u00e4nzung verpflichtete man sogar vier neue, Hoffnung erweckende Player.<\/p>\n\n\n\n<p>Auch der Trainer,- Betreuer- und Managerkern wird in der Saison 2023\/24 sehr gerne nach Erfolg trachten.So hat man ein erfahrenes Ger\u00fcst und ein junges, erfolgshungriges Team beisammen, das in der Oberliga oben mitzuspielen gedenkt.<\/p>\n\n\n\n<p>Gespannt wie ein Flitzgogen werden die treuen, so zahlreichen Kirchzeller Anh\u00e4nger auf den neuformierten Kader sein, wie gut haben sich die &#8218;Neuen&#8216; bereits integriert? Der erste Weg f\u00fchrt am 9.9. zum TV H\u00fcttenberg 2, wo man die ersten Pluspunkte mit in den Odenwald nehmen will. Der Gastgeber ist ein v\u00f6llig unbeschriebenes Blatt, der erstmal in die Knie gezwungen werden muss. H\u00fcttenberg 2 erreichte in der vergangenen Oberligarunde einen fantastischen sechsten Rang, war sehr heimstark und gab nur zwei Heimpartien ab.<\/p>\n\n\n\n<p>Erfolgshungrig und auf das \u00e4u\u00dferste konzentriert sowie motiviert wird die Hauptmann\/Kunz- Truppe aber die \u00fcberaus heikle und schwierige Aufgabe mit Sicherheit angehen.<\/p>\n\n\n\n<p>Danach bestreitet man bereits am Freitag, 15.9. ab 20:00 Uhr, das prestigetr\u00e4chgtige, ewigjunge Derby gegen Tuspo Obernburg in Miltenberg.Die Halle wird brennen, denn aus Obernburg werden mindestens 150! begeisterungsf\u00e4hige, euphorische Fans erwartet.Ein Hexenkessel ist eindeutig vorprogrammiert; darum sichert euch fr\u00fchzeitig euer Ticket f\u00fcr einen Sitzplatz. <\/p>\n\n\n\n<p>Einlass f\u00fcr ein sicherlich spannungsgeladenes und hochwertiges Match ist bereits um 19:00 Uhr.<\/p>\n\n\n\n<p>Feuert eure Crew lautstark aber bitte jederzeit fair mit dem tausendfach ge\u00fcbten Hobtse, hobtse frenetisch an. Auf geht\u00b4TVK, auf geht\u00b4s!<\/p>\n\n\n\n<p>Karlheinz Dolzer<\/p>\n","protected":false},"excerpt":{"rendered":"<p>Nach dem mehr als ungl\u00fccklichen Abstieg aus der Dritten- in die Oberliga Hessen greift der TV Kirchzell am Samstag, 9. September um 19:30 Uhr beim TV H\u00fcttenberg 2 erstmals wieder ins Handballgeschehen der neuen Saison ein.<\/p>\n","protected":false},"author":1,"featured_media":0,"comment_status":"closed","ping_status":"open","sticky":false,"template":"","format":"standard","meta":{"footnotes":""},"categories":[5,107],"tags":[],"class_list":["post-9107","post","type-post","status-publish","format-standard","hentry","category-1mannschaft","category-leserbrief"],"_links":{"self":[{"href":"https:\/\/tv-kirchzell.de\/index.php?rest_route=\/wp\/v2\/posts\/9107","targetHints":{"allow":["GET"]}}],"collection":[{"href":"https:\/\/tv-kirchzell.de\/index.php?rest_route=\/wp\/v2\/posts"}],"about":[{"href":"https:\/\/tv-kirchzell.de\/index.php?rest_route=\/wp\/v2\/types\/post"}],"author":[{"embeddable":true,"href":"https:\/\/tv-kirchzell.de\/index.php?rest_route=\/wp\/v2\/users\/1"}],"replies":[{"embeddable":true,"href":"https:\/\/tv-kirchzell.de\/index.php?rest_route=%2Fwp%2Fv2%2Fcomments&post=9107"}],"version-history":[{"count":1,"href":"https:\/\/tv-kirchzell.de\/index.php?rest_route=\/wp\/v2\/posts\/9107\/revisions"}],"predecessor-version":[{"id":9108,"href":"https:\/\/tv-kirchzell.de\/index.php?rest_route=\/wp\/v2\/posts\/9107\/revisions\/9108"}],"wp:attachment":[{"href":"https:\/\/tv-kirchzell.de\/index.php?rest_route=%2Fwp%2Fv2%2Fmedia&parent=9107"}],"wp:term":[{"taxonomy":"category","embeddable":true,"href":"https:\/\/tv-kirchzell.de\/index.php?rest_route=%2Fwp%2Fv2%2Fcategories&post=9107"},{"taxonomy":"post_tag","embeddable":true,"href":"https:\/\/tv-kirchzell.de\/index.php?rest_route=%2Fwp%2Fv2%2Ftags&post=9107"}],"curies":[{"name":"wp","href":"https:\/\/api.w.org\/{rel}","templated":true}]}}