{"id":9025,"date":"2023-08-02T14:18:37","date_gmt":"2023-08-02T12:18:37","guid":{"rendered":"https:\/\/www.tv-kirchzell.de\/?p=9025"},"modified":"2023-08-02T14:18:37","modified_gmt":"2023-08-02T12:18:37","slug":"neuer-kapitaen-fuer-den-tvk-und-zwei-vorzeitige-vertragsverlaengerungen","status":"publish","type":"post","link":"https:\/\/tv-kirchzell.de\/?p=9025","title":{"rendered":"Neuer Kapit\u00e4n f\u00fcr den TVK und zwei vorzeitige Vertragsverl\u00e4ngerungen"},"content":{"rendered":"\n<p>Jan Blank ist ab sofort der neue Kapit\u00e4n der 1. Mannschaft des TV Kirchzell. Er wird das Team in der neuen Oberliga-Saison 2023\/2024 aufs Feld f\u00fchren und somit Nachfolger von Nico Polixenidis, den wir Ende der letzten Saison leider verabschieden mussten.<\/p>\n\n\n\n<p>Weiterhin k\u00f6nnen wir vermelden, dass Joshua L\u00f6ffelmann und Joshua Osifo ihre Vertr\u00e4ge beim TVK vorzeitig verl\u00e4ngert haben. L\u00f6ffelmann, der noch bis Ende der Saison 2024\/2025 Vertrag hatte, verl\u00e4ngerte diesen bis Ende der Saison 2026\/2027. Osifo verl\u00e4ngerte seinen Ende der neuen Saison auslaufenden Vertrag bis zum Ende der Saison 2025\/2026.<\/p>\n\n\n\n<p>Wir freuen uns sehr, dass uns die beiden Joshis noch eine Weile erhalten bleiben.<\/p>\n","protected":false},"excerpt":{"rendered":"<p>Jan Blank ist ab sofort der neue Kapit\u00e4n der 1. Mannschaft des TV Kirchzell. Er wird das Team in der neuen Oberliga-Saison 2023\/2024 aufs Feld f\u00fchren und somit Nachfolger von Nico Polixenidis, den wir Ende der letzten Saison leider verabschieden mussten. Weiterhin k\u00f6nnen wir vermelden, dass Joshua L\u00f6ffelmann und Joshua<\/p>\n","protected":false},"author":26,"featured_media":0,"comment_status":"closed","ping_status":"open","sticky":false,"template":"","format":"standard","meta":{"footnotes":""},"categories":[5],"tags":[],"class_list":["post-9025","post","type-post","status-publish","format-standard","hentry","category-1mannschaft"],"_links":{"self":[{"href":"https:\/\/tv-kirchzell.de\/index.php?rest_route=\/wp\/v2\/posts\/9025","targetHints":{"allow":["GET"]}}],"collection":[{"href":"https:\/\/tv-kirchzell.de\/index.php?rest_route=\/wp\/v2\/posts"}],"about":[{"href":"https:\/\/tv-kirchzell.de\/index.php?rest_route=\/wp\/v2\/types\/post"}],"author":[{"embeddable":true,"href":"https:\/\/tv-kirchzell.de\/index.php?rest_route=\/wp\/v2\/users\/26"}],"replies":[{"embeddable":true,"href":"https:\/\/tv-kirchzell.de\/index.php?rest_route=%2Fwp%2Fv2%2Fcomments&post=9025"}],"version-history":[{"count":1,"href":"https:\/\/tv-kirchzell.de\/index.php?rest_route=\/wp\/v2\/posts\/9025\/revisions"}],"predecessor-version":[{"id":9026,"href":"https:\/\/tv-kirchzell.de\/index.php?rest_route=\/wp\/v2\/posts\/9025\/revisions\/9026"}],"wp:attachment":[{"href":"https:\/\/tv-kirchzell.de\/index.php?rest_route=%2Fwp%2Fv2%2Fmedia&parent=9025"}],"wp:term":[{"taxonomy":"category","embeddable":true,"href":"https:\/\/tv-kirchzell.de\/index.php?rest_route=%2Fwp%2Fv2%2Fcategories&post=9025"},{"taxonomy":"post_tag","embeddable":true,"href":"https:\/\/tv-kirchzell.de\/index.php?rest_route=%2Fwp%2Fv2%2Ftags&post=9025"}],"curies":[{"name":"wp","href":"https:\/\/api.w.org\/{rel}","templated":true}]}}