{"id":8832,"date":"2023-05-30T09:33:34","date_gmt":"2023-05-30T07:33:34","guid":{"rendered":"https:\/\/www.tv-kirchzell.de\/?p=8832"},"modified":"2023-05-30T09:33:37","modified_gmt":"2023-05-30T07:33:37","slug":"leserbrief-tv-kirchzell-steigt-ungluecklich-in-die-oberliga-hessen-ab","status":"publish","type":"post","link":"https:\/\/tv-kirchzell.de\/?p=8832","title":{"rendered":"Leserbrief: TV Kirchzell steigt ungl\u00fccklich in die Oberliga Hessen ab"},"content":{"rendered":"\n<p>Ja, der TV Kirchzell muss nun den sauren und bitteren Weg in die Viertklassigkeit antreten. Doch das hat einen wohl recht bitteren und faden Beigeschmack. <\/p>\n\n\n\n<!--more-->\n\n\n\n<p>Die Ein-Tore-Niederlage am Pfingstmontag gegen Oftersheim\/Schwetzingen war dabei nicht mehr als nicht mehr relevante Makulatur. Den Abstieg holte man sich jedoch bereits am vergangenen Samstag bei Lemgo-Lippe ab. Der Gastgeber verst\u00e4rkte sich in diesem entscheidenden Spiel mit drei gestandenen Erstliga-Spielern vom TBV Lemgo. Obwohl, warum auch immer, erlaubt, keimt doch so etwas wie Unfairness gegen\u00fcber den anderen vier Mannschaften auf. Diese drei Vollprofis brachen dem TVK letztendlich das Genick. <\/p>\n\n\n\n<p>In einem hochklassigen Match spielte Kirchzell gro\u00dfartig und an seinem \u00e4u\u00dfersten Limit auf, um am Ende die weite Heimreise ohne Z\u00e4hlbares antreten zu m\u00fcssen. Der TVK spielte trotz vieler Widrichkeiten eine phantastische, kr\u00e4ftezehrende Saison und wegen einem zu wenig erzielten Treffer wird man in der neuen Runde wieder so einige Derbys vor der Brust haben. <\/p>\n\n\n\n<p>Dabei kreuzt man unter anderem mit Obernburg, Gro\u00df Umstadt sowie Gro\u00df Bieberau die Klingen; und darauf freuen sich sowohl die Spieler als auch die Verantwortlichen schon heute, obwohl die Entt\u00e4uschung momentan nat\u00fcrlich sehr gro\u00df ist. Es bleibt unbedingt zu hoffen, dass die Mannschaft jetzt nicht auseinander f\u00e4llt und die Stammsieben auch ab August 2023 attraktiven Handball in der Festung Miltenberg zelebrieren wird. <\/p>\n\n\n\n<p>Noch ein Wort zu den Kirchzeller Fans: Diese haben ihre &#8222;Lieblinge&#8220; sehr lange auf Wolke sieben gehalten und auch ausw\u00e4rts stets f\u00fcr G\u00e4nsehautstimmung gesorgt. Ab sofort hei\u00dft es also, mit den verbliebenen Kr\u00e4ften ein neues Team aufzubauen, das dann in absehbarer Zeit wieder an die T\u00fcr zur Dritten Handballbundesliga klopfen kann. <\/p>\n\n\n\n<p>Dem Trainer-Duo Hauptmann\/Kunz mit seinem r\u00fchrigen Betreuerstab darf man dabei schon heute ein gl\u00fcckliches H\u00e4ndchen w\u00fcnschen, damit Siege in der Oberliga Hessen keinen Seltenheit bleiben werden.<\/p>\n\n\n\n<p>Karlheinz Dolzer<\/p>\n","protected":false},"excerpt":{"rendered":"<p>Ja, der TV Kirchzell muss nun den sauren und bitteren Weg in die Viertklassigkeit antreten. Doch das hat einen wohl recht bitteren und faden Beigeschmack.<\/p>\n","protected":false},"author":182,"featured_media":0,"comment_status":"closed","ping_status":"open","sticky":false,"template":"","format":"standard","meta":{"footnotes":""},"categories":[5,107],"tags":[],"class_list":["post-8832","post","type-post","status-publish","format-standard","hentry","category-1mannschaft","category-leserbrief"],"_links":{"self":[{"href":"https:\/\/tv-kirchzell.de\/index.php?rest_route=\/wp\/v2\/posts\/8832","targetHints":{"allow":["GET"]}}],"collection":[{"href":"https:\/\/tv-kirchzell.de\/index.php?rest_route=\/wp\/v2\/posts"}],"about":[{"href":"https:\/\/tv-kirchzell.de\/index.php?rest_route=\/wp\/v2\/types\/post"}],"author":[{"embeddable":true,"href":"https:\/\/tv-kirchzell.de\/index.php?rest_route=\/wp\/v2\/users\/182"}],"replies":[{"embeddable":true,"href":"https:\/\/tv-kirchzell.de\/index.php?rest_route=%2Fwp%2Fv2%2Fcomments&post=8832"}],"version-history":[{"count":1,"href":"https:\/\/tv-kirchzell.de\/index.php?rest_route=\/wp\/v2\/posts\/8832\/revisions"}],"predecessor-version":[{"id":8833,"href":"https:\/\/tv-kirchzell.de\/index.php?rest_route=\/wp\/v2\/posts\/8832\/revisions\/8833"}],"wp:attachment":[{"href":"https:\/\/tv-kirchzell.de\/index.php?rest_route=%2Fwp%2Fv2%2Fmedia&parent=8832"}],"wp:term":[{"taxonomy":"category","embeddable":true,"href":"https:\/\/tv-kirchzell.de\/index.php?rest_route=%2Fwp%2Fv2%2Fcategories&post=8832"},{"taxonomy":"post_tag","embeddable":true,"href":"https:\/\/tv-kirchzell.de\/index.php?rest_route=%2Fwp%2Fv2%2Ftags&post=8832"}],"curies":[{"name":"wp","href":"https:\/\/api.w.org\/{rel}","templated":true}]}}