{"id":7976,"date":"2022-12-15T18:11:04","date_gmt":"2022-12-15T17:11:04","guid":{"rendered":"https:\/\/www.tv-kirchzell.de\/?p=7976"},"modified":"2022-12-15T18:11:04","modified_gmt":"2022-12-15T17:11:04","slug":"kirchzell-will-zuhause-gegen-aufsteiger-pohlheim-positiven-jahresabschluss","status":"publish","type":"post","link":"https:\/\/tv-kirchzell.de\/?p=7976","title":{"rendered":"Kirchzell will zuhause gegen Aufsteiger Pohlheim positiven Jahresabschluss"},"content":{"rendered":"\n<p>Vergangene Woche musste der TV Kirchzell beim Spitzenreiter und Topfavoriten TuS Ferndorf eine 24:30-Niederlage hinnehmen. Trotzdem zogen die TVK-Trainer das Positive aus dem Spiel heraus und waren mit der Abwehr zufrieden. Im Angriff hapert es, und die Abschl\u00fcsse des TVK sind nicht immer von Erfolg gekr\u00f6nt. Das muss sich bessern, und die Offensive soll sich im letzten Spiel des Jahres gegen die HSG Pohlheim schon von einer besseren Seite zeigen.<\/p>\n\n\n\n<p>Da kommt der Gast gerade recht, denn der Aufsteiger scheint den Kirchzellern zu liegen, gab es doch schon im Hinspiel einen 31:27-Sieg. Die Pohlheimer stehen im Moment mit 4:26 Punkten auf Platz 13 der Tabelle.\u00a0<\/p>\n\n\n\n<p>Mit dieser Punkteausbeute kann die HSG sicherlich nicht zufrieden sein. Im Kader stehen sehr gute Akteure wie Johannes Tr\u00e4ger oder Max R\u00fchl im R\u00fcckraum, Daniel Schier auf Au\u00dfen, Moritz Lambrecht am Kreis oder Stefan Lex auf R\u00fcckraum rechts. Der ehemalige Erstliga-Spieler gab vor zwei Jahren das Ende seiner Profikarriere bekannt und spielt seitdem in seinem Heimatverein Pohlheim.\u00a0<\/p>\n\n\n\n<p>Die zwei Siege, die die HSG bisher holte, gelangen gegen Waldb\u00fcttelbrunn und in Gummersbach. TVK-Trainer Alex Hauptmann meinte: \u201eF\u00fcr die Qualit\u00e4t ihres Kaders sind die Punkte, die Pohlheim bisher geholt hat, zu wenig. Doch das soll nicht unser Problem sein. Wir m\u00fcssen nach uns schauen und &#8211; ohne Wenn und Aber &#8211; am Samstag gewinnen und 100 Prozent an Leistung abrufen.\u201c<\/p>\n\n\n\n<p>Die G\u00e4ste spielen im Normalfall eine kompakte 6-0-Abwehr, waren zuletzt aber auch \u00f6fters mit der 3-2-1-Deckung unterwegs. Der TVK kann sich also auf zwei Varianten einstellen und im letzten Spiel f\u00fcr 2022 noch einmal alles reinlegen. \u201eIn den letzten drei Heimspielen oder auch in Nieder-Roden k\u00f6nnen wir \u00fcber unsere Abwehr nichts sagen. Es hapert zeitweise eher im Angriff. Doch wir arbeiten daran und wollen am Samstag schon einiges besser machen\u201c, so Alex Hauptmann.\u00a0<\/p>\n\n\n\n<p>Er hofft, dass die linke Hand von Michael Meyer-Ricks, die er sich vorige Woche stark geprellt hat, von Tag zu Tag besser wird und auch Niklas Ihmer wieder fit ist. Bei Brian Heinrich und Tim H\u00e4ufgl\u00f6ckner dauert es noch, bis sie zum Einsatz kommen k\u00f6nnen. Ansonsten sind alle fit und die Spieler wollen sich von ihren Fans mit einem Sieg vom alten Jahr verabschieden.<\/p>\n\n\n\n<p>Das letzte Spiel des Jahres ist am Samstag, den 17.12.2022 um 19:30 Uhr in der Dreifachsporthalle in Miltenberg. <\/p>\n\n\n\n<p>Es wird am Spieltag einen Gl\u00fchweinverkauf geben und die Mannschaft m\u00f6chte sich nach dem Spiel mit einer Kleinigkeit bei seinen Fans bedanken. Kommt zahlreich in die Halle und helft unserem TVK bei den letzten zwei Punkten f\u00fcr 2022!<\/p>\n","protected":false},"excerpt":{"rendered":"<p>Vergangene Woche musste der TV Kirchzell beim Spitzenreiter und Topfavoriten TuS Ferndorf eine 24:30-Niederlage hinnehmen. Trotzdem zogen die TVK-Trainer das Positive aus dem Spiel heraus und waren mit der Abwehr zufrieden. Im Angriff hapert es, und die Abschl\u00fcsse des TVK sind nicht immer von Erfolg gekr\u00f6nt. Das muss sich bessern,<\/p>\n","protected":false},"author":26,"featured_media":0,"comment_status":"closed","ping_status":"open","sticky":false,"template":"","format":"standard","meta":{"footnotes":""},"categories":[5],"tags":[],"class_list":["post-7976","post","type-post","status-publish","format-standard","hentry","category-1mannschaft"],"_links":{"self":[{"href":"https:\/\/tv-kirchzell.de\/index.php?rest_route=\/wp\/v2\/posts\/7976","targetHints":{"allow":["GET"]}}],"collection":[{"href":"https:\/\/tv-kirchzell.de\/index.php?rest_route=\/wp\/v2\/posts"}],"about":[{"href":"https:\/\/tv-kirchzell.de\/index.php?rest_route=\/wp\/v2\/types\/post"}],"author":[{"embeddable":true,"href":"https:\/\/tv-kirchzell.de\/index.php?rest_route=\/wp\/v2\/users\/26"}],"replies":[{"embeddable":true,"href":"https:\/\/tv-kirchzell.de\/index.php?rest_route=%2Fwp%2Fv2%2Fcomments&post=7976"}],"version-history":[{"count":1,"href":"https:\/\/tv-kirchzell.de\/index.php?rest_route=\/wp\/v2\/posts\/7976\/revisions"}],"predecessor-version":[{"id":7977,"href":"https:\/\/tv-kirchzell.de\/index.php?rest_route=\/wp\/v2\/posts\/7976\/revisions\/7977"}],"wp:attachment":[{"href":"https:\/\/tv-kirchzell.de\/index.php?rest_route=%2Fwp%2Fv2%2Fmedia&parent=7976"}],"wp:term":[{"taxonomy":"category","embeddable":true,"href":"https:\/\/tv-kirchzell.de\/index.php?rest_route=%2Fwp%2Fv2%2Fcategories&post=7976"},{"taxonomy":"post_tag","embeddable":true,"href":"https:\/\/tv-kirchzell.de\/index.php?rest_route=%2Fwp%2Fv2%2Ftags&post=7976"}],"curies":[{"name":"wp","href":"https:\/\/api.w.org\/{rel}","templated":true}]}}