{"id":7787,"date":"2022-11-11T12:28:31","date_gmt":"2022-11-11T11:28:31","guid":{"rendered":"https:\/\/www.tv-kirchzell.de\/?p=7787"},"modified":"2022-11-11T12:28:31","modified_gmt":"2022-11-11T11:28:31","slug":"tv-kirchzell-muss-gegen-tus-dansenberg-anderes-gesicht-zeigen","status":"publish","type":"post","link":"https:\/\/tv-kirchzell.de\/?p=7787","title":{"rendered":"TV Kirchzell muss gegen TuS Dansenberg anderes Gesicht zeigen"},"content":{"rendered":"\n<p>Das vergangene Spiel des TV Kirchzell bei der mHSG Friesenheim-Hochdorf II ist gut aufgearbeitet.\u00a0Diesmal kommt der TuS Dansenberg nach Miltenberg und gegen diesen Gegner will die Kirchzeller Mannschaft wieder ein anderes Gesicht zeigen.<\/p>\n\n\n\n<!--more-->\n\n\n\n<p>TVK-Trainer Andi Kunz sagte \u00fcber das letzte Spiel: \u201eWir waren unzufrieden, wie wir aufgetreten sind. Wir haben an diesem Tag nicht genug daf\u00fcr getan, um das Spiel zu gewinnen und haben das \u201eWarum\u201c aufgearbeitet.\u201c<\/p>\n\n\n\n<p>Der kommende Gegner wurde vor der Saison als einer der Favoriten in der S\u00fcd-West-Staffel gehandelt. Doch es lief am Anfang nicht wie geplant und in Hanau und in Nieder-Roden gab es jeweils eine heftige 19:36 und 15:29-Niederlage. Gegen Zweitliga-Absteiger Ferndorf wurden dann die Punkte geteilt und zuletzt gegen Aufsteiger Mundenheim gab es einen 29:24-Erfolg.<\/p>\n\n\n\n<p>Derzeit steht Dansenberg mit 11:9 Punkten auf dem achten Tabellenplatz. Die G\u00e4ste haben zur Zeit ein gro\u00dfes und anhaltendes Verletzungspech. Daraus resultiert ein kleiner Kader, weshalb aktuell wohl nicht mehr m\u00f6glich ist.<\/p>\n\n\n\n<p>Dennoch wird der TuS auch das Spiel gegen den TVK konzentriert und auf Sieg eingestellt angehen. Neben dem fr\u00fcheren Tuspo-Obernburg Spieler Jan Claussen hat Dansenberg mit Routinier Gunnar Dietrich, der schon in Essen, Lemgo oder bei den Eulen Ludwigshafen gespielt hat, mit Jonas Dambach, der zuletzt in Bieberau aktiv war oder Kreisl\u00e4ufer Sebastian B\u00f6sing (fr\u00fcher HSG Konstanz) sehr gute Spieler in seinen Reihen. \u201eSie spielen sehr clever, haben nach der einen oder anderen deutlichen Niederlage mittlerweile wieder die Kurve bekommen. Allerdings reicht gegen diesen Gegner nicht alleine eine gute Startphase, sondern wir werden 60 Minuten lang am Kabel ziehen und alles reinlegen m\u00fcssen\u201c, wei\u00df TVK-Trainer Andi Kunz.<\/p>\n\n\n\n<p>Er hofft, dass er am Samstag alle Mann an Bord hat und eventuell auch Brian Heinrich wieder mitmischen kann. Beim TuS fehlen wohl Torben Waldgenbach im R\u00fcckraum und mit Robin Egelhof und Jonas Dambach zwei R\u00fcckraum-Rechte.\u00a0<\/p>\n\n\n\n<p>Die Zuschauer d\u00fcrften aber bereits jetzt schon die Gewinner sein, da sie sich auf ein intensiv gef\u00fchrtes Match freuen k\u00f6nnen.<\/p>\n\n\n\n<p>Das Spiel findet am Samstag, 12.11.2022, ab 19:30 Uhr in der Miltenberger Dreifachsporthalle statt und wird auch bei sportdeutschland.tv \u00fcbertragen.<\/p>\n","protected":false},"excerpt":{"rendered":"<p>Das vergangene Spiel des TV Kirchzell bei der mHSG Friesenheim-Hochdorf II ist gut aufgearbeitet.\u00a0Diesmal kommt der TuS Dansenberg nach Miltenberg und gegen diesen Gegner will die Kirchzeller Mannschaft wieder ein anderes Gesicht zeigen.<\/p>\n","protected":false},"author":26,"featured_media":0,"comment_status":"closed","ping_status":"open","sticky":false,"template":"","format":"standard","meta":{"footnotes":""},"categories":[5],"tags":[],"class_list":["post-7787","post","type-post","status-publish","format-standard","hentry","category-1mannschaft"],"_links":{"self":[{"href":"https:\/\/tv-kirchzell.de\/index.php?rest_route=\/wp\/v2\/posts\/7787","targetHints":{"allow":["GET"]}}],"collection":[{"href":"https:\/\/tv-kirchzell.de\/index.php?rest_route=\/wp\/v2\/posts"}],"about":[{"href":"https:\/\/tv-kirchzell.de\/index.php?rest_route=\/wp\/v2\/types\/post"}],"author":[{"embeddable":true,"href":"https:\/\/tv-kirchzell.de\/index.php?rest_route=\/wp\/v2\/users\/26"}],"replies":[{"embeddable":true,"href":"https:\/\/tv-kirchzell.de\/index.php?rest_route=%2Fwp%2Fv2%2Fcomments&post=7787"}],"version-history":[{"count":2,"href":"https:\/\/tv-kirchzell.de\/index.php?rest_route=\/wp\/v2\/posts\/7787\/revisions"}],"predecessor-version":[{"id":7789,"href":"https:\/\/tv-kirchzell.de\/index.php?rest_route=\/wp\/v2\/posts\/7787\/revisions\/7789"}],"wp:attachment":[{"href":"https:\/\/tv-kirchzell.de\/index.php?rest_route=%2Fwp%2Fv2%2Fmedia&parent=7787"}],"wp:term":[{"taxonomy":"category","embeddable":true,"href":"https:\/\/tv-kirchzell.de\/index.php?rest_route=%2Fwp%2Fv2%2Fcategories&post=7787"},{"taxonomy":"post_tag","embeddable":true,"href":"https:\/\/tv-kirchzell.de\/index.php?rest_route=%2Fwp%2Fv2%2Ftags&post=7787"}],"curies":[{"name":"wp","href":"https:\/\/api.w.org\/{rel}","templated":true}]}}