{"id":5551,"date":"2021-08-24T09:45:07","date_gmt":"2021-08-24T07:45:07","guid":{"rendered":"https:\/\/tv-kirchzell.de\/?p=5551"},"modified":"2021-09-15T09:29:08","modified_gmt":"2021-09-15T07:29:08","slug":"bericht-ferienspiele","status":"publish","type":"post","link":"https:\/\/tv-kirchzell.de\/?p=5551","title":{"rendered":"Bericht: Ferienspiele"},"content":{"rendered":"\n<p>Aufgeregte, neugierige Kinder wurden am Freitag 13. August gegen 17:00 Uhr von unseren flei\u00dfigen Helfern in der Turnhalle empfangen.<\/p>\n\n\n\n<!--more-->\n\n\n\n<p>Nachdem jeder sich ein Namensschild gestaltet hatte, ging&#8217;s nach der Begr\u00fc\u00dfung und einem \u00dcberblick auch gleich los.<\/p>\n\n\n\n<p>In sechs Gruppen standen acht Stationen mit abwechslungsreichen Spielen an. Hier ging es um Teamwork, Geschicklichkeit und Schnelligkeit. Trotz Hitze und der Strecke durch ganz Kirchzell, waren alle mit Begeisterung dabei. Im Flug verging die Zeit und dann gab&#8217;s zur St\u00e4rkung Pizza. Nat\u00fcrlich war auch f\u00fcr Getr\u00e4nke gesorgt.<\/p>\n\n\n\n<p>Nach der Siegerehrung des Stationsspiels machten wir zum kr\u00f6nenden Abschluss eine Sommerparty mit \u201eJust Dance\u201c. Dazu gab es leckere Saft-Cocktails.<\/p>\n\n\n\n<p>Herzlichen Dank an alle flei\u00dfigen Helfer aus dem Trainerteam, den Eltern, sowie den M\u00e4dchen und Jungs aus den Jugendmannschaften, aber auch an die Kinder, die mit so viel Spa\u00df dabei waren.<\/p>\n\n\n\n<figure class=\"wp-block-gallery columns-3 is-cropped wp-block-gallery-1 is-layout-flex wp-block-gallery-is-layout-flex\"><ul class=\"blocks-gallery-grid\"><li class=\"blocks-gallery-item\"><figure><img loading=\"lazy\" decoding=\"async\" width=\"1440\" height=\"1080\" src=\"https:\/\/tv-kirchzell.de\/wp-content\/uploads\/2021\/08\/Ferienspiele2021_G2-1440x1080.jpg\" alt=\"\" data-id=\"5553\" data-full-url=\"https:\/\/tv-kirchzell.de\/wp-content\/uploads\/2021\/08\/Ferienspiele2021_G2.jpg\" data-link=\"https:\/\/tv-kirchzell.de\/?attachment_id=5553\" class=\"wp-image-5553\" srcset=\"https:\/\/tv-kirchzell.de\/wp-content\/uploads\/2021\/08\/Ferienspiele2021_G2-1440x1080.jpg 1440w, https:\/\/tv-kirchzell.de\/wp-content\/uploads\/2021\/08\/Ferienspiele2021_G2-300x225.jpg 300w, https:\/\/tv-kirchzell.de\/wp-content\/uploads\/2021\/08\/Ferienspiele2021_G2-768x576.jpg 768w, https:\/\/tv-kirchzell.de\/wp-content\/uploads\/2021\/08\/Ferienspiele2021_G2-1536x1152.jpg 1536w, https:\/\/tv-kirchzell.de\/wp-content\/uploads\/2021\/08\/Ferienspiele2021_G2-600x450.jpg 600w, https:\/\/tv-kirchzell.de\/wp-content\/uploads\/2021\/08\/Ferienspiele2021_G2.jpg 1600w\" sizes=\"auto, (max-width: 1440px) 100vw, 1440px\" \/><\/figure><\/li><li class=\"blocks-gallery-item\"><figure><img loading=\"lazy\" decoding=\"async\" width=\"1440\" height=\"1080\" src=\"https:\/\/tv-kirchzell.de\/wp-content\/uploads\/2021\/08\/Ferienspiele2021_G1-1440x1080.jpg\" alt=\"\" data-id=\"5554\" data-full-url=\"https:\/\/tv-kirchzell.de\/wp-content\/uploads\/2021\/08\/Ferienspiele2021_G1.jpg\" data-link=\"https:\/\/tv-kirchzell.de\/?attachment_id=5554\" class=\"wp-image-5554\" srcset=\"https:\/\/tv-kirchzell.de\/wp-content\/uploads\/2021\/08\/Ferienspiele2021_G1-1440x1080.jpg 1440w, https:\/\/tv-kirchzell.de\/wp-content\/uploads\/2021\/08\/Ferienspiele2021_G1-300x225.jpg 300w, https:\/\/tv-kirchzell.de\/wp-content\/uploads\/2021\/08\/Ferienspiele2021_G1-768x576.jpg 768w, https:\/\/tv-kirchzell.de\/wp-content\/uploads\/2021\/08\/Ferienspiele2021_G1-1536x1152.jpg 1536w, https:\/\/tv-kirchzell.de\/wp-content\/uploads\/2021\/08\/Ferienspiele2021_G1-600x450.jpg 600w, https:\/\/tv-kirchzell.de\/wp-content\/uploads\/2021\/08\/Ferienspiele2021_G1.jpg 1600w\" sizes=\"auto, (max-width: 1440px) 100vw, 1440px\" \/><\/figure><\/li><li class=\"blocks-gallery-item\"><figure><img loading=\"lazy\" decoding=\"async\" width=\"1440\" height=\"1080\" src=\"https:\/\/tv-kirchzell.de\/wp-content\/uploads\/2021\/08\/Ferienspiele2021_G5-1440x1080.jpeg\" alt=\"\" data-id=\"5555\" data-full-url=\"https:\/\/tv-kirchzell.de\/wp-content\/uploads\/2021\/08\/Ferienspiele2021_G5.jpeg\" data-link=\"https:\/\/tv-kirchzell.de\/?attachment_id=5555\" class=\"wp-image-5555\" srcset=\"https:\/\/tv-kirchzell.de\/wp-content\/uploads\/2021\/08\/Ferienspiele2021_G5-1440x1080.jpeg 1440w, https:\/\/tv-kirchzell.de\/wp-content\/uploads\/2021\/08\/Ferienspiele2021_G5-300x225.jpeg 300w, https:\/\/tv-kirchzell.de\/wp-content\/uploads\/2021\/08\/Ferienspiele2021_G5-768x576.jpeg 768w, https:\/\/tv-kirchzell.de\/wp-content\/uploads\/2021\/08\/Ferienspiele2021_G5-1536x1152.jpeg 1536w, https:\/\/tv-kirchzell.de\/wp-content\/uploads\/2021\/08\/Ferienspiele2021_G5-600x450.jpeg 600w, https:\/\/tv-kirchzell.de\/wp-content\/uploads\/2021\/08\/Ferienspiele2021_G5.jpeg 2048w\" sizes=\"auto, (max-width: 1440px) 100vw, 1440px\" \/><\/figure><\/li><li class=\"blocks-gallery-item\"><figure><img loading=\"lazy\" decoding=\"async\" width=\"1920\" height=\"1080\" src=\"https:\/\/tv-kirchzell.de\/wp-content\/uploads\/2021\/08\/Ferienspiele2021_G3-1920x1080.jpeg\" alt=\"\" data-id=\"5556\" data-full-url=\"https:\/\/tv-kirchzell.de\/wp-content\/uploads\/2021\/08\/Ferienspiele2021_G3.jpeg\" data-link=\"https:\/\/tv-kirchzell.de\/?attachment_id=5556\" class=\"wp-image-5556\" srcset=\"https:\/\/tv-kirchzell.de\/wp-content\/uploads\/2021\/08\/Ferienspiele2021_G3-1920x1080.jpeg 1920w, https:\/\/tv-kirchzell.de\/wp-content\/uploads\/2021\/08\/Ferienspiele2021_G3-300x169.jpeg 300w, https:\/\/tv-kirchzell.de\/wp-content\/uploads\/2021\/08\/Ferienspiele2021_G3-768x432.jpeg 768w, https:\/\/tv-kirchzell.de\/wp-content\/uploads\/2021\/08\/Ferienspiele2021_G3-1536x864.jpeg 1536w, https:\/\/tv-kirchzell.de\/wp-content\/uploads\/2021\/08\/Ferienspiele2021_G3-2048x1152.jpeg 2048w, https:\/\/tv-kirchzell.de\/wp-content\/uploads\/2021\/08\/Ferienspiele2021_G3-600x337.jpeg 600w\" sizes=\"auto, (max-width: 1920px) 100vw, 1920px\" \/><\/figure><\/li><li class=\"blocks-gallery-item\"><figure><img loading=\"lazy\" decoding=\"async\" width=\"1440\" height=\"1080\" src=\"https:\/\/tv-kirchzell.de\/wp-content\/uploads\/2021\/08\/Ferienspiele2021_G4-1440x1080.jpg\" alt=\"\" data-id=\"5557\" data-full-url=\"https:\/\/tv-kirchzell.de\/wp-content\/uploads\/2021\/08\/Ferienspiele2021_G4.jpg\" data-link=\"https:\/\/tv-kirchzell.de\/?attachment_id=5557\" class=\"wp-image-5557\" srcset=\"https:\/\/tv-kirchzell.de\/wp-content\/uploads\/2021\/08\/Ferienspiele2021_G4-1440x1080.jpg 1440w, https:\/\/tv-kirchzell.de\/wp-content\/uploads\/2021\/08\/Ferienspiele2021_G4-300x225.jpg 300w, https:\/\/tv-kirchzell.de\/wp-content\/uploads\/2021\/08\/Ferienspiele2021_G4-768x576.jpg 768w, https:\/\/tv-kirchzell.de\/wp-content\/uploads\/2021\/08\/Ferienspiele2021_G4-1536x1152.jpg 1536w, https:\/\/tv-kirchzell.de\/wp-content\/uploads\/2021\/08\/Ferienspiele2021_G4-600x450.jpg 600w, https:\/\/tv-kirchzell.de\/wp-content\/uploads\/2021\/08\/Ferienspiele2021_G4.jpg 1600w\" sizes=\"auto, (max-width: 1440px) 100vw, 1440px\" \/><\/figure><\/li><\/ul><\/figure>\n","protected":false},"excerpt":{"rendered":"<p>Aufgeregte, neugierige Kinder wurden am Freitag 13. August gegen 17:00 Uhr von unseren flei\u00dfigen Helfern in der Turnhalle empfangen.<\/p>\n","protected":false},"author":1,"featured_media":5552,"comment_status":"closed","ping_status":"open","sticky":false,"template":"","format":"standard","meta":{"footnotes":""},"categories":[9,12,13],"tags":[],"class_list":["post-5551","post","type-post","status-publish","format-standard","has-post-thumbnail","hentry","category-junged","category-turnen-diekleinen","category-verein"],"_links":{"self":[{"href":"https:\/\/tv-kirchzell.de\/index.php?rest_route=\/wp\/v2\/posts\/5551","targetHints":{"allow":["GET"]}}],"collection":[{"href":"https:\/\/tv-kirchzell.de\/index.php?rest_route=\/wp\/v2\/posts"}],"about":[{"href":"https:\/\/tv-kirchzell.de\/index.php?rest_route=\/wp\/v2\/types\/post"}],"author":[{"embeddable":true,"href":"https:\/\/tv-kirchzell.de\/index.php?rest_route=\/wp\/v2\/users\/1"}],"replies":[{"embeddable":true,"href":"https:\/\/tv-kirchzell.de\/index.php?rest_route=%2Fwp%2Fv2%2Fcomments&post=5551"}],"version-history":[{"count":0,"href":"https:\/\/tv-kirchzell.de\/index.php?rest_route=\/wp\/v2\/posts\/5551\/revisions"}],"wp:featuredmedia":[{"embeddable":true,"href":"https:\/\/tv-kirchzell.de\/index.php?rest_route=\/wp\/v2\/media\/5552"}],"wp:attachment":[{"href":"https:\/\/tv-kirchzell.de\/index.php?rest_route=%2Fwp%2Fv2%2Fmedia&parent=5551"}],"wp:term":[{"taxonomy":"category","embeddable":true,"href":"https:\/\/tv-kirchzell.de\/index.php?rest_route=%2Fwp%2Fv2%2Fcategories&post=5551"},{"taxonomy":"post_tag","embeddable":true,"href":"https:\/\/tv-kirchzell.de\/index.php?rest_route=%2Fwp%2Fv2%2Ftags&post=5551"}],"curies":[{"name":"wp","href":"https:\/\/api.w.org\/{rel}","templated":true}]}}