{"id":4311,"date":"2020-06-07T18:24:21","date_gmt":"2020-06-07T16:24:21","guid":{"rendered":"https:\/\/www.tv-kirchzell.de\/?p=4311"},"modified":"2020-07-19T20:32:19","modified_gmt":"2020-07-19T18:32:19","slug":"1-mannschaft-tv-kirchzell-sichert-sich-allrounder-tom-spiess-fuer-die-kommende-saison","status":"publish","type":"post","link":"https:\/\/tv-kirchzell.de\/?p=4311","title":{"rendered":"TV Kirchzell sichert sich Allrounder Tom Spie\u00df f\u00fcr die kommende Saison"},"content":{"rendered":"\n<div class=\"wp-block-image\"><figure class=\"aligncenter size-large is-resized\"><img loading=\"lazy\" decoding=\"async\" src=\"https:\/\/www.tv-kirchzell.de\/wp-content\/uploads\/2020\/06\/Tom-Spie\u00df-mit-Logo-720x1080.jpg\" alt=\"\" class=\"wp-image-4315\" width=\"270\" height=\"404\" srcset=\"https:\/\/tv-kirchzell.de\/wp-content\/uploads\/2020\/06\/Tom-Spie\u00df-mit-Logo-720x1080.jpg 720w, https:\/\/tv-kirchzell.de\/wp-content\/uploads\/2020\/06\/Tom-Spie\u00df-mit-Logo-600x900.jpg 600w, https:\/\/tv-kirchzell.de\/wp-content\/uploads\/2020\/06\/Tom-Spie\u00df-mit-Logo-200x300.jpg 200w, https:\/\/tv-kirchzell.de\/wp-content\/uploads\/2020\/06\/Tom-Spie\u00df-mit-Logo-768x1152.jpg 768w, https:\/\/tv-kirchzell.de\/wp-content\/uploads\/2020\/06\/Tom-Spie\u00df-mit-Logo-1024x1536.jpg 1024w, https:\/\/tv-kirchzell.de\/wp-content\/uploads\/2020\/06\/Tom-Spie\u00df-mit-Logo.jpg 1181w\" sizes=\"auto, (max-width: 270px) 100vw, 270px\" \/><figcaption>Tom Spie\u00df spielt ab der Saison 2020\/2021 f\u00fcr den TVK<\/figcaption><\/figure><\/div>\n\n\n\n<p>Mit der Verpflichtung des 25-j\u00e4hrigen Tom Spie\u00df, der beim Zweitliga-Aufsteiger TV Gro\u00dfwallstadt keine Vertragsverl\u00e4ngerung bekommen hat, konnte der TV Kirchzell nun einen starken Allrounder f\u00fcr Kreis und R\u00fcckraum gewinnen.<\/p>\n\n\n\n<!--more-->\n\n\n\n<p>Seit Anfang Mai war bekannt, dass der TVG den Vertrag von Tom nicht verl\u00e4ngern w\u00fcrde und der Sportliche Leiter der Kirchzeller, Gottfried Kunz, suchte direkt den Kontakt, denn mit seiner Erfahrung und Vielseitigkeit stand er nicht nur beim Odenwaldexpress auf der Liste.<\/p>\n\n\n\n<p>Tom hatte einige andere Angebote vorliegen und ist auch dabei sein Studium abzuschlie\u00dfen. Deshalb zogen sich die Verhandlungen auch etwas hin. Letztlich fiel die Entscheidung f\u00fcr den TVK. \u201eMeine Freundin und ich haben uns \u00fcberlegt, dass wir mindestens noch ein Jahr hier in der Region bleiben wollen. Wir f\u00fchlen uns sehr wohl hier und die Region ist attraktiv. Sportlich ist der TVK eine richtig interessante Geschichte. Es ist ein junges Team, in dem ich Verantwortung \u00fcbernehmen und dem ich mit meiner Erfahrung hoffentlich helfen kann.\u201c, so Tom.<\/p>\n\n\n\n<p>ER ist \u00fcberzeugt, dass er sehr gut in die Mannschaft des TVK passt: \u201eIch hatte f\u00fcr mich selbst schon l\u00e4nger die Entscheidung getroffen, den TVG zu verlassen. Ich denke, dass ich gut zu meinem neuen Verein und meinem neuen Team passe und ich hoffe, dass ich mit den Jungs f\u00fcr die eine oder andere \u00dcberraschung sorgen kann.\u201c<\/p>\n\n\n\n<p>Die Spiel- und Trainingsfreie Zeit w\u00e4hrend des Corona-Lockdown hat Tom gut investiert und viel f\u00fcr seine k\u00f6rperliche Fitness und Kraft getan. Dennoch kann er es kaum erwarten, wenn er bald auch mit seiner neuen Mannschaft handballspezifisch trainieren darf.<\/p>\n\n\n\n<p>Herzlich Willkommen beim Odenwaldexpress, Tom!<\/p>\n","protected":false},"excerpt":{"rendered":"<p>Mit der Verpflichtung des 25-j\u00e4hrigen Tom Spie\u00df, der beim Zweitliga-Aufsteiger TV Gro\u00dfwallstadt keine Vertragsverl\u00e4ngerung bekommen hat, konnte der TV Kirchzell nun einen starken Allrounder f\u00fcr Kreis und R\u00fcckraum gewinnen.<\/p>\n","protected":false},"author":26,"featured_media":0,"comment_status":"closed","ping_status":"open","sticky":false,"template":"","format":"standard","meta":{"footnotes":""},"categories":[5,13],"tags":[],"class_list":["post-4311","post","type-post","status-publish","format-standard","hentry","category-1mannschaft","category-verein"],"_links":{"self":[{"href":"https:\/\/tv-kirchzell.de\/index.php?rest_route=\/wp\/v2\/posts\/4311","targetHints":{"allow":["GET"]}}],"collection":[{"href":"https:\/\/tv-kirchzell.de\/index.php?rest_route=\/wp\/v2\/posts"}],"about":[{"href":"https:\/\/tv-kirchzell.de\/index.php?rest_route=\/wp\/v2\/types\/post"}],"author":[{"embeddable":true,"href":"https:\/\/tv-kirchzell.de\/index.php?rest_route=\/wp\/v2\/users\/26"}],"replies":[{"embeddable":true,"href":"https:\/\/tv-kirchzell.de\/index.php?rest_route=%2Fwp%2Fv2%2Fcomments&post=4311"}],"version-history":[{"count":0,"href":"https:\/\/tv-kirchzell.de\/index.php?rest_route=\/wp\/v2\/posts\/4311\/revisions"}],"wp:attachment":[{"href":"https:\/\/tv-kirchzell.de\/index.php?rest_route=%2Fwp%2Fv2%2Fmedia&parent=4311"}],"wp:term":[{"taxonomy":"category","embeddable":true,"href":"https:\/\/tv-kirchzell.de\/index.php?rest_route=%2Fwp%2Fv2%2Fcategories&post=4311"},{"taxonomy":"post_tag","embeddable":true,"href":"https:\/\/tv-kirchzell.de\/index.php?rest_route=%2Fwp%2Fv2%2Ftags&post=4311"}],"curies":[{"name":"wp","href":"https:\/\/api.w.org\/{rel}","templated":true}]}}