{"id":4047,"date":"2019-12-16T12:00:39","date_gmt":"2019-12-16T11:00:39","guid":{"rendered":"https:\/\/www.tv-kirchzell.de\/?p=4047"},"modified":"2019-12-15T21:01:36","modified_gmt":"2019-12-15T20:01:36","slug":"3-liga-mitte-tv-kirchzell-verliert-im-kellerduell-auswaerts-beim-northeimer-hc-3327","status":"publish","type":"post","link":"https:\/\/tv-kirchzell.de\/?p=4047","title":{"rendered":"3.Liga Mitte: TV Kirchzell verliert im Kellerduell ausw\u00e4rts beim Northeimer HC 33:27"},"content":{"rendered":"\n<p>Zum R\u00fcckrundenstart waren f\u00fcr den TV Kirchzell bei den Niedersachsen vom Northeimer HC am Samstag leider keine wichtigen Punkte im Abstiegskampf zu holen. <\/p>\n\n\n\n<!--more-->\n\n\n\n<p>Das Spiel begann noch recht ausgeglichen, kein Team konnte sich entscheidend absetzen und so stand es nach acht gespielten Minuten 4:4. In der Folge konnte Northeim den Abstand auf 6:4 erh\u00f6hen, nachdem Brian Heinrich einen 7m verworfen hatte. Doch Kirchzell schaffte es immer wieder dran zu bleiben und erzielte in der 21. Minute sogar den erneuten Ausgleich zum 11:11. 3 Minuten sp\u00e4ter traf man sogar zur 12:13 F\u00fchrung. <\/p>\n\n\n\n<p>Doch leider nutzten die Kirchzeller die Chance nicht, davon zu ziehen. Immer wieder waren die Hausherren einen Schritt schneller. Auch in der Deckung zeigten sich beim TVK an diesem Tag einige Defizite. Vor allem die beiden gegnerischen R\u00fcckraumspieler Malte Wodarz und Efthymios Iliopoulos zeigten mit ihren 7 bzw. 6 Toren in dieser Partie was Zug zum Tor bedeutet. Den hatte der TVK in dieser Phase etwas verloren und nutzte seine Chancen nicht zu Gen\u00fcge. So konnte Northeim das Spiel wieder drehen und mit einer knappen 16:15 F\u00fchrung in die Halbzeit gehen.<\/p>\n\n\n\n<p>In der zweiten Spielh\u00e4lfte schaffte es Kirchzell bis zum 22:22 in der 42. Minute mitzuhalten, den Gegner nicht davoneilen zu lassen, doch ein Doppelschlag von Iliopoulos und ein Tor von S\u00f6ren Lange erm\u00f6glichten es dem HC nur 3 Minuten sp\u00e4ter einen 3-Tore-Vorsprung auf die Anzeigetafel zu zaubern. Doch auch diesmal konnte Kirchzell noch dranbleiben, k\u00e4mpfte und gab alles. Die fehlenden Wechselm\u00f6glichkeiten auf Kirchzeller Seite brachten dann schlie\u00dflich die Entscheidung. Im Angriff zeigte man eine solide Leistung, doch der Abwehrkampf war z\u00e4h und kr\u00e4fteraubend. Die G\u00e4ste machten nur wenige Fehler und die B\u00e4lle, die dann doch mal an die Latte gesetzt wurden, konnten nicht schnell genug in den Gegensto\u00df gebracht werden. So siegten die Niedersachsen am Ende deutlich mit 33:27 und sind nun punktgleich mit dem TVK. Lediglich das bessere Torverh\u00e4ltnis h\u00e4lt die Odenw\u00e4lder noch vor dem HC auf Platz 14.<\/p>\n\n\n\n<p>TVK-Trainer Andi Kunz analysierte nach dem Spiel: \u201eWir sind immer ein bisschen hinterher gerannt und waren dem Gegner ein paar Prozente unterlegen.\u201c Das am Ende doch sehr deutliche Ergebnis stimmt ihn etwas nachdenklich: \u201eJeder von uns hat gewusst, was wir uns hier erspielen k\u00f6nnen. Vielleicht war der Druck auf Seiten von Northeim noch gr\u00f6\u00dfer und der Willen ebenfalls einen Tick mehr.\u201c<\/p>\n\n\n\n<p>Nun gilt es noch einmal Z\u00e4hne zusammen zu bei\u00dfen f\u00fcr das letzte Spiel vor der Weihnachtspause, denn am Freitag kommen die Grimmst\u00e4dter der HSG Hanau in die Parzivalhalle nach Amorbach.<\/p>\n\n\n\n<p>TV Kirchzell: J\u00f6rg, Eul, Podsendek, T. H\u00e4ufgl\u00f6ckner 8\/3,\nMeyer-Ricks 6, Polixenidis 4, Gl\u00e4ser 3, David 3, Schnellbacher 1, L. H\u00e4ufgl\u00f6ckner\n1, Heinrich 1\/1, Schneider, Wuth, Punda<\/p>\n\n\n\n<p><\/p>\n","protected":false},"excerpt":{"rendered":"<p>Zum R\u00fcckrundenstart waren f\u00fcr den TV Kirchzell bei den Niedersachsen vom Northeimer HC am Samstag leider keine wichtigen Punkte im Abstiegskampf zu holen.<\/p>\n","protected":false},"author":26,"featured_media":0,"comment_status":"closed","ping_status":"open","sticky":false,"template":"","format":"standard","meta":{"footnotes":""},"categories":[5],"tags":[],"class_list":["post-4047","post","type-post","status-publish","format-standard","hentry","category-1mannschaft"],"_links":{"self":[{"href":"https:\/\/tv-kirchzell.de\/index.php?rest_route=\/wp\/v2\/posts\/4047","targetHints":{"allow":["GET"]}}],"collection":[{"href":"https:\/\/tv-kirchzell.de\/index.php?rest_route=\/wp\/v2\/posts"}],"about":[{"href":"https:\/\/tv-kirchzell.de\/index.php?rest_route=\/wp\/v2\/types\/post"}],"author":[{"embeddable":true,"href":"https:\/\/tv-kirchzell.de\/index.php?rest_route=\/wp\/v2\/users\/26"}],"replies":[{"embeddable":true,"href":"https:\/\/tv-kirchzell.de\/index.php?rest_route=%2Fwp%2Fv2%2Fcomments&post=4047"}],"version-history":[{"count":0,"href":"https:\/\/tv-kirchzell.de\/index.php?rest_route=\/wp\/v2\/posts\/4047\/revisions"}],"wp:attachment":[{"href":"https:\/\/tv-kirchzell.de\/index.php?rest_route=%2Fwp%2Fv2%2Fmedia&parent=4047"}],"wp:term":[{"taxonomy":"category","embeddable":true,"href":"https:\/\/tv-kirchzell.de\/index.php?rest_route=%2Fwp%2Fv2%2Fcategories&post=4047"},{"taxonomy":"post_tag","embeddable":true,"href":"https:\/\/tv-kirchzell.de\/index.php?rest_route=%2Fwp%2Fv2%2Ftags&post=4047"}],"curies":[{"name":"wp","href":"https:\/\/api.w.org\/{rel}","templated":true}]}}