{"id":3828,"date":"2019-10-10T22:23:52","date_gmt":"2019-10-10T20:23:52","guid":{"rendered":"https:\/\/www.tv-kirchzell.de\/?p=3828"},"modified":"2019-10-10T22:23:53","modified_gmt":"2019-10-10T20:23:53","slug":"3-liga-mitte-kirchzell-empfaengt-mit-der-sg-nussloch-sogar-einen-weltmeister","status":"publish","type":"post","link":"https:\/\/tv-kirchzell.de\/?p=3828","title":{"rendered":"3.Liga Mitte: Kirchzell empf\u00e4ngt mit der SG Nu\u00dfloch sogar einen Weltmeister"},"content":{"rendered":"\n<p>Leider blieb der Mannschaft des TV Kirchzell nach dem doppelten Punktgewinn in Baunatal nur wenig Zeit, um den ersten Saisonsieg geb\u00fchrend zu feiern, denn mit der SG Nu\u00dfloch erwartet man am kommenden Samstag zuhause einen richtigen Brocken.<\/p>\n\n\n\n<!--more-->\n\n\n\n<p>Ob man den Sieg in Baunatal schon als Befreiungsschlag beschreiben kann, wird die Zeit zeigen, dass der Sieg zum richtigen Zeitpunkt kommt, ist unbestritten. In den letzten Spielen hatten Andi Kunz und seine Jungs oft gef\u00fchrt und am Ende doch nichts gewonnen, au\u00dfer die Erkenntnis, wie nah dran man doch war und das ein Spiel eben \u00fcber 60 Minuten geht. Nun konnte man sich gegen Baunatal endlich belohnen und zeigen, dass der TVK doch noch gewinnen kann und das nach einer mehr wie spannenden Schlussphase, wie sie ihnen sonst zum Verh\u00e4ngnis wurde.<\/p>\n\n\n\n<p>Nun reist mit der SG Nu\u00dfloch am Samstag eine Mannschaft in den Odenwald, die sich bereits vor der letzten Saison zum Ziel gesetzt hat, in die 2. Bundesliga aufzusteigen. Um dieses Ziel zu erreichen verst\u00e4rkte sich der kommende Gegner sogar weltmeisterlich. Der Weltmeister von 2007, Christian Zeitz, wechselte vor der Saison 2018\/2019 vom THW Kiel zu den Badnern. Den 38-j\u00e4hrigen geb\u00fcrtigen Heidelberger hat es somit wieder in die Heimat gezogen. Zwischenzeitlich unterst\u00fctzte er sogar den Ersatztrainerstab, als der neue Trainer noch nicht zur Verf\u00fcgung stand. Er konnte diese turbulente erste Saison f\u00fcr die SG Nu\u00dfloch mit der Vizemeisterschaft in der 3. Liga Ost beschlie\u00dfen. Die G\u00e4ste verpassten somit ihr gestecktes Ziel nur knapp. Diese Saison soll es besser laufen.<\/p>\n\n\n\n<p>Ihr letztes Spiel bestritt die SG zuhause gegen die Wetzlarer Reserve und konnte sich dort, unter anderem dank acht Toren von Zeitz, klar mit 36:27 durchsetzen. Die beiden verlorenen Spiele waren allerdings ebenso klar. Am ersten Spieltag verlor man zuhause 19:25 gegen den Tabellenf\u00fchrer, die HSG Bieberau\/Modau, und am sechsten Spieltag ausw\u00e4rts beim TV Gro\u00dfwallstadt mit 34:21. Die SG Nu\u00dfloch steht aktuell somit \u201enur\u201c auf dem 5. Tabellenplatz, da aber die Abst\u00e4nde nach ganz oben gerade mal 2 Punkte betragen, ist f\u00fcr den Weltmeister und sein Team nach dem 7. Spieltag noch alles offen.<\/p>\n\n\n\n<p>Am Samstag d\u00fcrfen sich die Kirchzeller auf einen \u00e4u\u00dferst starken R\u00fcckraum einstellen, denn neben Zeitz auf R\u00fcckraum-Rechts, zeigte auch der auf der mittleren Position spielende Kevin Bitz mit 6 Toren gegen Dutenhofen\/M\u00fcnchholzhausen seine volle Durchschlagskraft. Und auch am Kreis ist die SG Nu\u00dfloch k\u00f6rperlich stark besetzt. Ein kr\u00e4fteaufreibendes Spiel ist quasi vorprogrammiert. Gerade deshalb erhofft sich TVK-Coach Kunz, dass Jonas Wuth, der gegen Baunatal auf Grund eines Schleudertraumas fehlte, wieder fit wird, um f\u00fcr etwas Entlastung in der Abwehr zu sorgen.<\/p>\n\n\n\n<p>Kirchzell ist in dieser Begegnung ganz klar der Au\u00dfenseiter, dennoch verlangt Kunz von seinen Jungs, dass sie alles geben, diszipliniert ihre Angriffe gestalten und mit breiter Brust aus dem Spiel gehen. Und sollte Nu\u00dfloch patzen, so k\u00f6nnte Kirchzell mit der lautstarken Unterst\u00fctzung seiner treuen Fans vielleicht eine \u00dcberraschung landen. Denn gemeinsam stehen wir wieder hinter der Mannschaft als <strong><span style=\"color: darkred\">ROTE WAND!<\/span><\/strong> Auf geht\u00b4s, hobt\u00b4se!<\/p>\n\n\n\n<p>Los geht die Partie am Samstag, 12.10.2019 um 19:30 Uhr wie gewohnt in der Amorbacher Parzivalhalle.<\/p>\n","protected":false},"excerpt":{"rendered":"<p>Leider blieb der Mannschaft des TV Kirchzell nach dem doppelten Punktgewinn in Baunatal nur wenig Zeit, um den ersten Saisonsieg geb\u00fchrend zu feiern, denn mit der SG Nu\u00dfloch erwartet man am kommenden Samstag zuhause einen richtigen Brocken.<\/p>\n","protected":false},"author":26,"featured_media":0,"comment_status":"closed","ping_status":"open","sticky":false,"template":"","format":"standard","meta":{"footnotes":""},"categories":[5],"tags":[],"class_list":["post-3828","post","type-post","status-publish","format-standard","hentry","category-1mannschaft"],"_links":{"self":[{"href":"https:\/\/tv-kirchzell.de\/index.php?rest_route=\/wp\/v2\/posts\/3828","targetHints":{"allow":["GET"]}}],"collection":[{"href":"https:\/\/tv-kirchzell.de\/index.php?rest_route=\/wp\/v2\/posts"}],"about":[{"href":"https:\/\/tv-kirchzell.de\/index.php?rest_route=\/wp\/v2\/types\/post"}],"author":[{"embeddable":true,"href":"https:\/\/tv-kirchzell.de\/index.php?rest_route=\/wp\/v2\/users\/26"}],"replies":[{"embeddable":true,"href":"https:\/\/tv-kirchzell.de\/index.php?rest_route=%2Fwp%2Fv2%2Fcomments&post=3828"}],"version-history":[{"count":0,"href":"https:\/\/tv-kirchzell.de\/index.php?rest_route=\/wp\/v2\/posts\/3828\/revisions"}],"wp:attachment":[{"href":"https:\/\/tv-kirchzell.de\/index.php?rest_route=%2Fwp%2Fv2%2Fmedia&parent=3828"}],"wp:term":[{"taxonomy":"category","embeddable":true,"href":"https:\/\/tv-kirchzell.de\/index.php?rest_route=%2Fwp%2Fv2%2Fcategories&post=3828"},{"taxonomy":"post_tag","embeddable":true,"href":"https:\/\/tv-kirchzell.de\/index.php?rest_route=%2Fwp%2Fv2%2Ftags&post=3828"}],"curies":[{"name":"wp","href":"https:\/\/api.w.org\/{rel}","templated":true}]}}