{"id":1884,"date":"2017-12-07T20:22:02","date_gmt":"2017-12-07T19:22:02","guid":{"rendered":"http:\/\/tv-kirchzell.com\/?p=1884"},"modified":"2017-12-10T09:55:49","modified_gmt":"2017-12-10T08:55:49","slug":"oberliga-hessen-der-tv-kirchzell-gastiert-beim-tv-huettenberg-ii","status":"publish","type":"post","link":"https:\/\/tv-kirchzell.de\/?p=1884","title":{"rendered":"Oberliga Hessen &#8211; Der TV Kirchzell gastiert beim TV H\u00fcttenberg II"},"content":{"rendered":"<p>Nach dem spielfreien Wochenende ist der TVK am Samstag beim Ausw\u00e4rtsspiel in H\u00fcttenberg gefordert. Bis zur Weihnachtspause sind jetzt noch zwei Spiele zu absolvieren.<br \/>\n<!--more--><br \/>\nDie U23-Mannschaft des Bundesligisten H\u00fcttenberg belegt in der aktuellen Tabelle den 12. Tabellenplatz und musste sich letzte Woche zu Hause dem letzten Gegner des TVK, der HSG Pohlheim, mit 20:26 geschlagen geben.<br \/>\nIm bisherigen Saisonverlauf konnten die Mittelhessen ihre 5 Punkte allesamt bei den ersten drei Begegnungen einfahren. H\u00fcttenberg siegte in Wettenberg und in eigener Halle gegen Wiesbaden. Darauf folgte ein Unentschieden bei der TSG M\u00fcnster.<br \/>\nDie letzten sieben Spiele musste man aber jeweils als Verlierer die Platte verlassen.<br \/>\nDas ist aber kein Anlass f\u00fcr den TVK den Gegner zu untersch\u00e4tzen. Der Gastgeber wird in eigener Halle sicher alle Kr\u00e4fte mobilisieren, um ein Erfolgserlebnis zu verbuchen. Mit Alois Mraz haben sie einen Trainer, der als Spieler auf internationalem Terrain unterwegs war.<br \/>\nTrainer Andi Kunz ist mit der Deckungsarbeit seiner Mannschaft sehr zufrieden, die Chancenverwertung f\u00e4llt\u00a0 nicht zu seiner Zufriedenheit aus und daran muss die Mannschaft noch arbeiten. Zu der bevorstehenden Partie sagt TVK-Coach Andi Kunz: \u201eWir spielen nicht bei einer Mannschaft, die da hinten reingeh\u00f6rt. H\u00fcttenberg hat wohl viel Verletzungspech und ist da hinten rein gerutscht. Wir m\u00fcssen schauen, wie wir nach der Pause unseren Rhythmus finden, setzen auf unsere stabile Abwehr und m\u00fcssen nat\u00fcrlich diszipliniert auftreten\u201c. Zu der von H\u00fcttenberg oft gespielten offenen Deckung meint der TVK-Trainer: \u201eEs wird die Kunst sein, geduldig zu bleiben. Wir d\u00fcrfen uns auf keinen Fall dazu verleiten lassen, zu fr\u00fch abschlie\u00dfen zu wollen\u201c.<\/p>\n<p>Anwurf zum Spiel ist am Samstag, 09.12.2017 um 18.00 Uhr in der Sporthalle H\u00fcttenberg, Hauptstr. 107 in H\u00fcttenberg.<\/p>\n","protected":false},"excerpt":{"rendered":"<p>Nach dem spielfreien Wochenende ist der TVK am Samstag beim Ausw\u00e4rtsspiel in H\u00fcttenberg gefordert. Bis zur Weihnachtspause sind jetzt noch zwei Spiele zu absolvieren.<\/p>\n","protected":false},"author":1,"featured_media":0,"comment_status":"closed","ping_status":"open","sticky":false,"template":"","format":"standard","meta":{"footnotes":""},"categories":[5],"tags":[],"class_list":["post-1884","post","type-post","status-publish","format-standard","hentry","category-1mannschaft"],"_links":{"self":[{"href":"https:\/\/tv-kirchzell.de\/index.php?rest_route=\/wp\/v2\/posts\/1884","targetHints":{"allow":["GET"]}}],"collection":[{"href":"https:\/\/tv-kirchzell.de\/index.php?rest_route=\/wp\/v2\/posts"}],"about":[{"href":"https:\/\/tv-kirchzell.de\/index.php?rest_route=\/wp\/v2\/types\/post"}],"author":[{"embeddable":true,"href":"https:\/\/tv-kirchzell.de\/index.php?rest_route=\/wp\/v2\/users\/1"}],"replies":[{"embeddable":true,"href":"https:\/\/tv-kirchzell.de\/index.php?rest_route=%2Fwp%2Fv2%2Fcomments&post=1884"}],"version-history":[{"count":0,"href":"https:\/\/tv-kirchzell.de\/index.php?rest_route=\/wp\/v2\/posts\/1884\/revisions"}],"wp:attachment":[{"href":"https:\/\/tv-kirchzell.de\/index.php?rest_route=%2Fwp%2Fv2%2Fmedia&parent=1884"}],"wp:term":[{"taxonomy":"category","embeddable":true,"href":"https:\/\/tv-kirchzell.de\/index.php?rest_route=%2Fwp%2Fv2%2Fcategories&post=1884"},{"taxonomy":"post_tag","embeddable":true,"href":"https:\/\/tv-kirchzell.de\/index.php?rest_route=%2Fwp%2Fv2%2Ftags&post=1884"}],"curies":[{"name":"wp","href":"https:\/\/api.w.org\/{rel}","templated":true}]}}