{"id":11701,"date":"2025-01-10T16:25:29","date_gmt":"2025-01-10T15:25:29","guid":{"rendered":"https:\/\/www.tv-kirchzell.de\/?p=11701"},"modified":"2025-01-10T16:25:29","modified_gmt":"2025-01-10T15:25:29","slug":"vorbericht-hsg-krefeld-niederrhein-ein-starker-rueckrundenauftakt","status":"publish","type":"post","link":"https:\/\/tv-kirchzell.de\/?p=11701","title":{"rendered":"VORBERICHT HSG KREFELD NIEDERRHEIN. EIN STARKER R\u00dcCKRUNDENAUFTAKT?"},"content":{"rendered":"\n<p>Nach der ersten Niederlage seit langer Zeit \u2013 einem 25:34 gegen die HSG Dutenhofen\/M\u00fcnchholzhausen \u2013 startet der TV Kirchzell in die R\u00fcckrunde mit einem echten Kracher. Am Samstag empf\u00e4ngt man die HSG Krefeld Niederrhein, den unangefochtenen Spitzenreiter der Liga, und hofft auf einen starken Auftakt in die zweite Saisonh\u00e4lfte.<\/p>\n\n\n\n<p>Die G\u00e4ste, die eine weite Anreise aus Nordrhein-Westfalen hinter sich haben, gelten als einer der gro\u00dfen Favoriten auf den Aufstieg. Ihre makellose Bilanz spricht f\u00fcr sich: Mit 29 von 30 m\u00f6glichen Punkten stehen sie ungeschlagen an der Tabellenspitze. Nur ein einziges Unentschieden tr\u00fcbt eine ansonsten perfekte Hinrunde. Kirchzell hingegen konnte nach einem schwierigen Start in die Saison auf einem \u00fcberragenden f\u00fcnften Platz mit 19 Punkten \u00fcberwintern \u2013 ein riesiger Erfolg f\u00fcr den Aufsteiger.<\/p>\n\n\n\n<p>Das Hinspiel in Krefeld war eine echte \u00dcberraschung: Kirchzell hielt hervorragend mit und musste sich am Ende nur knapp mit 34:32 geschlagen geben. Dieser knappe Spielausgang zeigt, dass die Odenw\u00e4lder auch den Favoriten \u00e4rgern k\u00f6nnen. Mit einer konzentrierten Abwehrleistung, dem unerm\u00fcdlichen Einsatz aller Spieler und der lautstarken Unterst\u00fctzung der Fans k\u00f6nnte man vielleicht erneut eine spannende Partie auf Augenh\u00f6he erleben.<\/p>\n\n\n\n<p>Liebe TVK-Anh\u00e4nger, lasst uns gemeinsam einen starken Start in die R\u00fcckrunde feiern! Kommt in die Halle, unterst\u00fctzt das Team und sorgt daf\u00fcr, dass die Atmosph\u00e4re den G\u00e4sten das Leben schwer macht. Anwurf ist am Samstag um 19:30 Uhr in der Miltenberger Dreifachsporthalle \u2013 seid dabei, wenn Kirchzell versucht, den Tabellenf\u00fchrer herauszufordern!<\/p>\n","protected":false},"excerpt":{"rendered":"<p>Nach der ersten Niederlage seit langer Zeit \u2013 einem 25:34 gegen die HSG Dutenhofen\/M\u00fcnchholzhausen \u2013 startet der TV Kirchzell in die R\u00fcckrunde mit einem echten Kracher. Am Samstag empf\u00e4ngt man die HSG Krefeld Niederrhein, den unangefochtenen Spitzenreiter der Liga, und hofft auf einen starken Auftakt in die zweite Saisonh\u00e4lfte. Die<\/p>\n","protected":false},"author":253,"featured_media":0,"comment_status":"closed","ping_status":"open","sticky":false,"template":"","format":"standard","meta":{"footnotes":""},"categories":[5],"tags":[],"class_list":["post-11701","post","type-post","status-publish","format-standard","hentry","category-1mannschaft"],"_links":{"self":[{"href":"https:\/\/tv-kirchzell.de\/index.php?rest_route=\/wp\/v2\/posts\/11701","targetHints":{"allow":["GET"]}}],"collection":[{"href":"https:\/\/tv-kirchzell.de\/index.php?rest_route=\/wp\/v2\/posts"}],"about":[{"href":"https:\/\/tv-kirchzell.de\/index.php?rest_route=\/wp\/v2\/types\/post"}],"author":[{"embeddable":true,"href":"https:\/\/tv-kirchzell.de\/index.php?rest_route=\/wp\/v2\/users\/253"}],"replies":[{"embeddable":true,"href":"https:\/\/tv-kirchzell.de\/index.php?rest_route=%2Fwp%2Fv2%2Fcomments&post=11701"}],"version-history":[{"count":1,"href":"https:\/\/tv-kirchzell.de\/index.php?rest_route=\/wp\/v2\/posts\/11701\/revisions"}],"predecessor-version":[{"id":11702,"href":"https:\/\/tv-kirchzell.de\/index.php?rest_route=\/wp\/v2\/posts\/11701\/revisions\/11702"}],"wp:attachment":[{"href":"https:\/\/tv-kirchzell.de\/index.php?rest_route=%2Fwp%2Fv2%2Fmedia&parent=11701"}],"wp:term":[{"taxonomy":"category","embeddable":true,"href":"https:\/\/tv-kirchzell.de\/index.php?rest_route=%2Fwp%2Fv2%2Fcategories&post=11701"},{"taxonomy":"post_tag","embeddable":true,"href":"https:\/\/tv-kirchzell.de\/index.php?rest_route=%2Fwp%2Fv2%2Ftags&post=11701"}],"curies":[{"name":"wp","href":"https:\/\/api.w.org\/{rel}","templated":true}]}}