{"id":10146,"date":"2024-02-22T16:39:56","date_gmt":"2024-02-22T15:39:56","guid":{"rendered":"https:\/\/www.tv-kirchzell.de\/?p=10146"},"modified":"2024-02-22T16:39:56","modified_gmt":"2024-02-22T15:39:56","slug":"tv-kirchzell-moechte-gegen-tabellenschlusslicht-zurueck-in-die-erfolgsspur-finden","status":"publish","type":"post","link":"https:\/\/tv-kirchzell.de\/?p=10146","title":{"rendered":"TV Kirchzell m\u00f6chte gegen Tabellenschlusslicht zur\u00fcck in die Erfolgsspur finden"},"content":{"rendered":"\n<p>F\u00fcr den TV Kirchzell gab es zu\u00adletzt kei\u00adne Punk\u00adte &#8211; ge\u00adgen M\u00fcns\u00adter gingen unsere Jungs erst\u00admals in die\u00adser Sai\u00adson als Ver\u00adlie\u00adrer vom Platz. Am Wochenende w\u00fcrde das Team gerne in die Erfolgsspur zur\u00fcckfinden, der Spitzenreiter aus Kirchzell empf\u00e4ngt das Schlusslicht aus Gro\u00dfenl\u00fcder.<\/p>\n\n\n\n<!--more-->\n\n\n\n<p>Durch die erste Saisonniederlage des TV Kirchzell sind die ersten vier Teams an der Tabellenspitze wieder deutlich n\u00e4her zusammenger\u00fcckt: Zwischen dem Ligaprimus aus Kirchzell und dem Tabellenvierten TSG M\u00fcnster liegen lediglich drei Z\u00e4hler. Im Tabellen-Niemandsland tummeln sich danach neben den Mannschaften aus Pohlheim und B\u00fcrgel auch die Tuspo und Breckenheim, die an diesem Wochenende direkt aufeinandertreffen und die Pl\u00e4tze tauschen k\u00f6nnten &#8211; einen Sieg der Obernburger vorausgesetzt.<\/p>\n\n\n\n<p>Von Rang neun an tobt der Abstiegskampf, in dem die HSG Hanau II und die zweite Mannschaft des TV H\u00fcttenberg am vergangenen Wochenende wichtige Siege feiern konnten, H\u00fcttenberg k\u00f6nnte im Kellerduell gegen die SG Bruchk\u00f6bel am Sonntag gleich nachlegen. Nur noch theoretische Chancen auf den Klassenerhalt hat die HSG Gro\u00dfenl\u00fcder\/Hainzell, die mit lediglich einem Z\u00e4hler schon l\u00e4ngst den Anschluss an den Rest der Liga verloren hat.<\/p>\n\n\n\n<p>TVK-Coach Alexander Hauptmann, dem bei der ersten Saisonniederlage in M\u00fcnster gleich zwei Schl\u00fcsselspieler fehlten, hofft f\u00fcr Samstag zumindest auf eine R\u00fcckkehr von Joshua Osifo, Tim H\u00e4ufgl\u00f6ckner wird hingegen erneut ausfallen. Die erste Niederlage habe seine Mannschaft gut verdaut, wie Hauptmann versichert: \u201eWir wissen, wie das Ergebnis zustande gekommen ist, machen uns da nicht verr\u00fcckt und arbeiten ganz normal weiter.\u201c<\/p>\n\n\n\n<p>Dass mit Gro\u00dfenl\u00fcder nun das Schlusslicht zum TVK reist, spielt Kirchzell in die Karten, allerdings warnt Hauptmann vor zu viel Selbstsicherheit: \u201eGegen den Tabellenletzten muss man immer vorsichtig sein, den d\u00fcrfen wir nicht untersch\u00e4tzen. Wir m\u00fcssen konzentriert Handball spielen, hinten sicher stehen und vorne mit Tempo spielen\u201c, skizziert der Trainer des Spitzenreiters den Matchplan.<\/p>\n","protected":false},"excerpt":{"rendered":"<p>F\u00fcr den TV Kirchzell gab es zu\u00adletzt kei\u00adne Punk\u00adte &#8211; ge\u00adgen M\u00fcns\u00adter gingen unsere Jungs erst\u00admals in die\u00adser Sai\u00adson als Ver\u00adlie\u00adrer vom Platz. Am Wochenende w\u00fcrde das Team gerne in die Erfolgsspur zur\u00fcckfinden, der Spitzenreiter aus Kirchzell empf\u00e4ngt das Schlusslicht aus Gro\u00dfenl\u00fcder.<\/p>\n","protected":false},"author":26,"featured_media":0,"comment_status":"closed","ping_status":"open","sticky":false,"template":"","format":"standard","meta":{"footnotes":""},"categories":[5],"tags":[],"class_list":["post-10146","post","type-post","status-publish","format-standard","hentry","category-1mannschaft"],"_links":{"self":[{"href":"https:\/\/tv-kirchzell.de\/index.php?rest_route=\/wp\/v2\/posts\/10146","targetHints":{"allow":["GET"]}}],"collection":[{"href":"https:\/\/tv-kirchzell.de\/index.php?rest_route=\/wp\/v2\/posts"}],"about":[{"href":"https:\/\/tv-kirchzell.de\/index.php?rest_route=\/wp\/v2\/types\/post"}],"author":[{"embeddable":true,"href":"https:\/\/tv-kirchzell.de\/index.php?rest_route=\/wp\/v2\/users\/26"}],"replies":[{"embeddable":true,"href":"https:\/\/tv-kirchzell.de\/index.php?rest_route=%2Fwp%2Fv2%2Fcomments&post=10146"}],"version-history":[{"count":1,"href":"https:\/\/tv-kirchzell.de\/index.php?rest_route=\/wp\/v2\/posts\/10146\/revisions"}],"predecessor-version":[{"id":10147,"href":"https:\/\/tv-kirchzell.de\/index.php?rest_route=\/wp\/v2\/posts\/10146\/revisions\/10147"}],"wp:attachment":[{"href":"https:\/\/tv-kirchzell.de\/index.php?rest_route=%2Fwp%2Fv2%2Fmedia&parent=10146"}],"wp:term":[{"taxonomy":"category","embeddable":true,"href":"https:\/\/tv-kirchzell.de\/index.php?rest_route=%2Fwp%2Fv2%2Fcategories&post=10146"},{"taxonomy":"post_tag","embeddable":true,"href":"https:\/\/tv-kirchzell.de\/index.php?rest_route=%2Fwp%2Fv2%2Ftags&post=10146"}],"curies":[{"name":"wp","href":"https:\/\/api.w.org\/{rel}","templated":true}]}}