{"id":10135,"date":"2024-02-18T13:01:49","date_gmt":"2024-02-18T12:01:49","guid":{"rendered":"https:\/\/www.tv-kirchzell.de\/?p=10135"},"modified":"2024-02-22T16:40:52","modified_gmt":"2024-02-22T15:40:52","slug":"dramatische-aufholjagd-reicht-am-ende-nicht-tvk-verliert-erstes-spiel-der-saison-bei-der-tsg-muenster","status":"publish","type":"post","link":"https:\/\/tv-kirchzell.de\/?p=10135","title":{"rendered":"Dramatische Aufholjagd reicht am Ende nicht \u2013 TVK verliert erstes Spiel der Saison bei der TSG M\u00fcnster"},"content":{"rendered":"\n<p>Im gestrigen Spitzenspiel der Oberliga Hessen mussten sich unsere Jungs vom TVK zum ersten Mal in dieser Saison geschlagen geben. Nach einem harten Kampf in der Eichendorfhalle der TSG M\u00fcnster konnten sich die Gastgeber \u00e4u\u00dferst knapp und dramatisch mit 23:22 durchsetzen. Dass es ein umk\u00e4mpftes Spiel mit viel Emotion und einer harten Abwehr wird, versprach bereits das Hinspiel und genau das wurde den Zuschauern in der vollen Halle in Kelkheim geboten.<\/p>\n\n\n\n<!--more-->\n\n\n\n<p>Unser TVK tat sich gerade in der ersten Halbzeit sehr schwer, zu viele leichte Fehler im Angriff und liegen gelassene Chancen f\u00fchrten dazu, dass man nach gut 10 Minuten einem 6:1 R\u00fcckstand hinterherlief. Diesen Vorsprung konnten die Gastgeber auch dank einer \u00fcberragenden Torh\u00fcterleistung in der ersten Halbzeit ausbauen und lie\u00dfen nur 8 Tore zu, was zu einem Halbzeitstand von 15:8 f\u00fchrte, doch nun sollte dass Spiel erst so richtig spannend werden.<\/p>\n\n\n\n<p>Durch eine tolle Teamleistung schmolz die F\u00fchrung immer weiter. Die Ausf\u00e4lle von Joshua Osifo und Tim H\u00e4ufgl\u00f6ckner konnte man kompensieren und gerade in der Abwehr, inklusive \u00fcberragendem Torwart, war unsere Mannschaft eine Einheit die fast nicht mehr zu knacken war f\u00fcr die Hausherren und somit stand es 5 Minuten vor Schluss nur noch 20:19. Dieser Vorsprung blieb jedoch bestehen, in einer an Dramatik kaum zu \u00fcbertreffenden Schlussphase und quasi der letzten Sekunde parierte der Schlussmann der Heimmannschaft erneut \u00fcberragend und somit war die erste Niederlage der Saison besiegelt. Nun hei\u00dft f\u00fcr den TVK das positive aus dem Spiel mitzunehmen, gerade was die Abwehrleistung betrifft, den Mund abzuwischen und n\u00e4chste Woche wieder anzugreifen beim Heimspiel gegen die HSG Gro\u00dfenl\u00fcder\/Hainzell.<\/p>\n\n\n\n<p>Kommt wieder alle nach Miltenberg und unterst\u00fctzt die Mannschaft, GEMEINSAM ans Ziel!!&nbsp;<\/p>\n","protected":false},"excerpt":{"rendered":"<p>Im gestrigen Spitzenspiel der Oberliga Hessen mussten sich unsere Jungs vom TVK zum ersten Mal in dieser Saison geschlagen geben. Nach einem harten Kampf in der Eichendorfhalle der TSG M\u00fcnster konnten sich die Gastgeber \u00e4u\u00dferst knapp und dramatisch mit 23:22 durchsetzen. Dass es ein umk\u00e4mpftes Spiel mit viel Emotion und<\/p>\n","protected":false},"author":2,"featured_media":0,"comment_status":"closed","ping_status":"open","sticky":false,"template":"","format":"standard","meta":{"footnotes":""},"categories":[5],"tags":[],"class_list":["post-10135","post","type-post","status-publish","format-standard","hentry","category-1mannschaft"],"_links":{"self":[{"href":"https:\/\/tv-kirchzell.de\/index.php?rest_route=\/wp\/v2\/posts\/10135","targetHints":{"allow":["GET"]}}],"collection":[{"href":"https:\/\/tv-kirchzell.de\/index.php?rest_route=\/wp\/v2\/posts"}],"about":[{"href":"https:\/\/tv-kirchzell.de\/index.php?rest_route=\/wp\/v2\/types\/post"}],"author":[{"embeddable":true,"href":"https:\/\/tv-kirchzell.de\/index.php?rest_route=\/wp\/v2\/users\/2"}],"replies":[{"embeddable":true,"href":"https:\/\/tv-kirchzell.de\/index.php?rest_route=%2Fwp%2Fv2%2Fcomments&post=10135"}],"version-history":[{"count":2,"href":"https:\/\/tv-kirchzell.de\/index.php?rest_route=\/wp\/v2\/posts\/10135\/revisions"}],"predecessor-version":[{"id":10148,"href":"https:\/\/tv-kirchzell.de\/index.php?rest_route=\/wp\/v2\/posts\/10135\/revisions\/10148"}],"wp:attachment":[{"href":"https:\/\/tv-kirchzell.de\/index.php?rest_route=%2Fwp%2Fv2%2Fmedia&parent=10135"}],"wp:term":[{"taxonomy":"category","embeddable":true,"href":"https:\/\/tv-kirchzell.de\/index.php?rest_route=%2Fwp%2Fv2%2Fcategories&post=10135"},{"taxonomy":"post_tag","embeddable":true,"href":"https:\/\/tv-kirchzell.de\/index.php?rest_route=%2Fwp%2Fv2%2Ftags&post=10135"}],"curies":[{"name":"wp","href":"https:\/\/api.w.org\/{rel}","templated":true}]}}