{"id":10127,"date":"2024-02-15T13:33:36","date_gmt":"2024-02-15T12:33:36","guid":{"rendered":"https:\/\/www.tv-kirchzell.de\/?p=10127"},"modified":"2024-02-15T13:33:36","modified_gmt":"2024-02-15T12:33:36","slug":"tv-kirchzell-am-samstag-gegen-muenster-gefordert","status":"publish","type":"post","link":"https:\/\/tv-kirchzell.de\/?p=10127","title":{"rendered":"TV Kirchzell am Samstag gegen M\u00fcnster gefordert"},"content":{"rendered":"\n<p>Eine schwie\u00adri\u00adge Auf\u00adga\u00adbe war\u00adtet auf den TV Kirch\u00adzell am Sams\u00adtag um 19 Uhr, denn unser Team be\u00adkom\u00admt es dann mit einem sehr form\u00adstar\u00adken Kon\u00adtra\u00adhen\u00adten zu tun. Der TVK muss zur TSG M\u00fcnster reisen. Der Aufsteiger ist das Team der Stunde, hat zuletzt Anfang Oktober verloren und wird mit viel individueller Qualit\u00e4t dem Tabellenf\u00fchrer aus Kirchzell alles abverlangen.<\/p>\n\n\n\n<!--more-->\n\n\n\n<p>Der TV Kirchzell f\u00fchrt die Oberliga weiterhin an, hat derzeit vier Z\u00e4hler Vorsprung auf die Konkurrenz. Dahinter gibt es einen Dreikampf zwischen der TSG Gro\u00df-Bieberau, der ESG Gensungen\/Felsberg und der TSG M\u00fcnster um den zweiten Platz &#8211; doch das Trio k\u00f6nnte auch gut und gerne noch im Meisterschaftsrennen mitmischen. Mit einigem Abstand folgen Breckenheim, Pohlheim und Obernburg. Die TSG Offenbach-B\u00fcrgel auf Platz acht muss schon mit einem Auge nach unten schauen, denn Abstiegskandidaten wie die SG Bruchk\u00f6bel oder die HSG Hanau II haben in den vergangenen Wochen einige Punkte sammeln k\u00f6nnen.<\/p>\n\n\n\n<p>Vier Punkte Vorsprung auf Rang zwei sind kein Polster, auf dem sich der TV Kirchzell ausruhen will. \u201eEs wird entscheidend sein, dass wir den Kampf von Anfang an annehmen\u201c, erwartet TVK-Coach Alexander Hauptmann von der ersten Minute an vollen Einsatz bei der TSG M\u00fcnster. Beim Tabellenvierten sollten alle Spieler wieder einsatzf\u00e4hig sein.<\/p>\n\n\n\n<p>TVK-Coach Alexander Hauptmann und sein Team haben viel Respekt vor dem Kontrahenten. Vor allem auf die individuell starken Spieler bei der TSG M\u00fcnster wie Patrick Weber, Jonas Ulsh\u00f6fer oder Johannes Jepsen im Tor wird man aufpassen m\u00fcssen.<\/p>\n\n\n\n<p>\u201eM\u00fcnster hatte zuletzt oft ein bisschen Gl\u00fcck\u201c, kommentiert Kirchzells Trainer Alexander Hauptmann die knappen Siege der TSG gegen Pohlheim und die HSG Hanau II, \u201eund das Gl\u00fcck wollen wir ihnen am Samstag gerne wegnehmen.\u201c<\/p>\n\n\n\n<p>Das Spiel findet am Samstag, 17.02.2024 um 19:00 Uhr in der Sporthalle der Eichendorffschule M\u00fcnster in Kelkheim statt. Das Team freut sich wieder \u00fcber eine gro\u00dfe Unterst\u00fctzung vor Ort. Gemeinsam f\u00fcr die n\u00e4chsten zwei Punkte!<\/p>\n","protected":false},"excerpt":{"rendered":"<p>Eine schwie\u00adri\u00adge Auf\u00adga\u00adbe war\u00adtet auf den TV Kirch\u00adzell am Sams\u00adtag um 19 Uhr, denn unser Team be\u00adkom\u00admt es dann mit einem sehr form\u00adstar\u00adken Kon\u00adtra\u00adhen\u00adten zu tun. Der TVK muss zur TSG M\u00fcnster reisen. Der Aufsteiger ist das Team der Stunde, hat zuletzt Anfang Oktober verloren und wird mit viel individueller<\/p>\n","protected":false},"author":26,"featured_media":0,"comment_status":"closed","ping_status":"open","sticky":false,"template":"","format":"standard","meta":{"footnotes":""},"categories":[5],"tags":[],"class_list":["post-10127","post","type-post","status-publish","format-standard","hentry","category-1mannschaft"],"_links":{"self":[{"href":"https:\/\/tv-kirchzell.de\/index.php?rest_route=\/wp\/v2\/posts\/10127","targetHints":{"allow":["GET"]}}],"collection":[{"href":"https:\/\/tv-kirchzell.de\/index.php?rest_route=\/wp\/v2\/posts"}],"about":[{"href":"https:\/\/tv-kirchzell.de\/index.php?rest_route=\/wp\/v2\/types\/post"}],"author":[{"embeddable":true,"href":"https:\/\/tv-kirchzell.de\/index.php?rest_route=\/wp\/v2\/users\/26"}],"replies":[{"embeddable":true,"href":"https:\/\/tv-kirchzell.de\/index.php?rest_route=%2Fwp%2Fv2%2Fcomments&post=10127"}],"version-history":[{"count":1,"href":"https:\/\/tv-kirchzell.de\/index.php?rest_route=\/wp\/v2\/posts\/10127\/revisions"}],"predecessor-version":[{"id":10128,"href":"https:\/\/tv-kirchzell.de\/index.php?rest_route=\/wp\/v2\/posts\/10127\/revisions\/10128"}],"wp:attachment":[{"href":"https:\/\/tv-kirchzell.de\/index.php?rest_route=%2Fwp%2Fv2%2Fmedia&parent=10127"}],"wp:term":[{"taxonomy":"category","embeddable":true,"href":"https:\/\/tv-kirchzell.de\/index.php?rest_route=%2Fwp%2Fv2%2Fcategories&post=10127"},{"taxonomy":"post_tag","embeddable":true,"href":"https:\/\/tv-kirchzell.de\/index.php?rest_route=%2Fwp%2Fv2%2Ftags&post=10127"}],"curies":[{"name":"wp","href":"https:\/\/api.w.org\/{rel}","templated":true}]}}