{"id":10012,"date":"2024-01-25T13:58:34","date_gmt":"2024-01-25T12:58:34","guid":{"rendered":"https:\/\/www.tv-kirchzell.de\/?p=10012"},"modified":"2024-01-25T13:58:42","modified_gmt":"2024-01-25T12:58:42","slug":"derby-fieber-in-obernburg-tv-kirchzell-bei-der-tuspo-gefordert","status":"publish","type":"post","link":"https:\/\/tv-kirchzell.de\/?p=10012","title":{"rendered":"Derby-Fieber in Obernburg: TV Kirchzell bei der Tuspo gefordert"},"content":{"rendered":"\n<p>Das neue Hand\u00adball\u00adjahr in der Ober\u00adli\u00adga Hessen hat ein fr\u00fch\u00ades High\u00adlight, denn am Sams\u00adtag ab 18 Uhr tref\u00adfen die Tus\u00adpo Obern\u00adburg und der TV Kirch\u00adzell au\u00adf\u00adein\u00adan\u00adder.<\/p>\n\n\n\n<!--more-->\n\n\n\n<p>Beide Lokalrivalen pr\u00e4sentierten sich zum R\u00fcckrundenauftakt am vergangenen Wochenende in Top-Form, dem Derby in der sicherlich bis auf den letzten Platz besetzten Valentin-Ballmann-Halle fiebern beide Teams entgegen &#8211; und erwarten eine bis zum Abpfiff spannende Partie.<\/p>\n\n\n\n<p>Sowohl die Tuspo als auch Kirchzell lie\u00dfen zuletzt schon die Muskeln spielen: W\u00e4hrend der Tabellenf\u00fchrer am vergangenen Wochenende ungef\u00e4hrdet gegen den TV H\u00fcttenberg II gewann und dank des Patzers der TSG Gro\u00df-Bieberau nun vier Punkte Vorsprung vor dem Rest der Liga hat, setzten sich die Obernburger bei der heimstarken HSG Pohlheim durch.<\/p>\n\n\n\n<p>Keinen unwesentlichen Anteil daran, dass der TV Kirchzell gerade von der Tabellenspitze gr\u00fc\u00dft, hat auch TVK-Spielmacher Tim H\u00e4ufgl\u00f6ckner: \u201eWir wollen am Saisonende ganz vorne mit dabei sein, aber es wird ein steiniger Weg zum Wiederaufstieg in die 3. Liga. Wir m\u00fcssen bei einigen Top-Gegnern ausw\u00e4rts antreten und auch die Heimspiele werden nicht einfach.\u201c<\/p>\n\n\n\n<p>Eines dieser schwierigen Ausw\u00e4rtsspiele steht nun am Samstag in Obernburg auf dem Programm, denn die Tuspo hat sich f\u00fcr die R\u00fcckrunde einiges vorgenommen. Nach einer soliden Hinrunde soll f\u00fcr die Obernburger in der R\u00fcckrunde das ein oder andere Spiel noch besser laufen und ein Platz unter den ersten vier angepeilt werden.<\/p>\n\n\n\n<p>Die Zuschauer k\u00f6nnen sich also auf ein packendes Duell freuen, das am Samstag, 27.01.2024 um 18:00 Uhr in der Valentin-Ballmann-Halle in Obernburg angepfiffen wird. Der TVK-Odenwaldexpress freut sich auf eine gro\u00dfartige Stimmung und viele begeisterte Fans in <strong><span style=\"color: darkred\">Rot<\/span><\/strong>! Zeigen wir den Obernburgern, was die <strong><span style=\"color: darkred\">rote Wand<\/span><\/strong> kann!<\/p>\n","protected":false},"excerpt":{"rendered":"<p>Das neue Hand\u00adball\u00adjahr in der Ober\u00adli\u00adga Hessen hat ein fr\u00fch\u00ades High\u00adlight, denn am Sams\u00adtag ab 18 Uhr tref\u00adfen die Tus\u00adpo Obern\u00adburg und der TV Kirch\u00adzell au\u00adf\u00adein\u00adan\u00adder.<\/p>\n","protected":false},"author":26,"featured_media":0,"comment_status":"closed","ping_status":"open","sticky":false,"template":"","format":"standard","meta":{"footnotes":""},"categories":[5],"tags":[],"class_list":["post-10012","post","type-post","status-publish","format-standard","hentry","category-1mannschaft"],"_links":{"self":[{"href":"https:\/\/tv-kirchzell.de\/index.php?rest_route=\/wp\/v2\/posts\/10012","targetHints":{"allow":["GET"]}}],"collection":[{"href":"https:\/\/tv-kirchzell.de\/index.php?rest_route=\/wp\/v2\/posts"}],"about":[{"href":"https:\/\/tv-kirchzell.de\/index.php?rest_route=\/wp\/v2\/types\/post"}],"author":[{"embeddable":true,"href":"https:\/\/tv-kirchzell.de\/index.php?rest_route=\/wp\/v2\/users\/26"}],"replies":[{"embeddable":true,"href":"https:\/\/tv-kirchzell.de\/index.php?rest_route=%2Fwp%2Fv2%2Fcomments&post=10012"}],"version-history":[{"count":2,"href":"https:\/\/tv-kirchzell.de\/index.php?rest_route=\/wp\/v2\/posts\/10012\/revisions"}],"predecessor-version":[{"id":10014,"href":"https:\/\/tv-kirchzell.de\/index.php?rest_route=\/wp\/v2\/posts\/10012\/revisions\/10014"}],"wp:attachment":[{"href":"https:\/\/tv-kirchzell.de\/index.php?rest_route=%2Fwp%2Fv2%2Fmedia&parent=10012"}],"wp:term":[{"taxonomy":"category","embeddable":true,"href":"https:\/\/tv-kirchzell.de\/index.php?rest_route=%2Fwp%2Fv2%2Fcategories&post=10012"},{"taxonomy":"post_tag","embeddable":true,"href":"https:\/\/tv-kirchzell.de\/index.php?rest_route=%2Fwp%2Fv2%2Ftags&post=10012"}],"curies":[{"name":"wp","href":"https:\/\/api.w.org\/{rel}","templated":true}]}}